{"id":32522,"date":"2021-02-01T21:56:37","date_gmt":"2021-02-02T00:56:37","guid":{"rendered":"https:\/\/www.portalalerta.com.br\/?p=32522"},"modified":"2021-02-01T21:56:39","modified_gmt":"2021-02-02T00:56:39","slug":"adolfo-menezes-e-eleito-presidente-da-assembleia-legislativa-da-bahia","status":"publish","type":"post","link":"https:\/\/www.portalalerta.com.br\/index.php\/2021\/02\/01\/adolfo-menezes-e-eleito-presidente-da-assembleia-legislativa-da-bahia\/","title":{"rendered":"Adolfo Menezes \u00e9 eleito presidente da Assembleia Legislativa da Bahia"},"content":{"rendered":"\n<p>O deputado estadual Adolfo Menezes (PSD) foi eleito presidente da Assembleia Legislativa da Bahia nesta segunda-feira (1) para o mandato 2021-2023. O parlamentar concorreu com Hilton Coelho (PT) e obteve maioria da Casa ap\u00f3s acordo entre base governista e oposi\u00e7\u00e3o.<\/p>\n\n\n\n<!--more-->\n\n\n\n<div class=\"wp-block-image\"><figure class=\"alignleft size-large is-resized\"><img fetchpriority=\"high\" decoding=\"async\" src=\"https:\/\/www.portalalerta.com.br\/wp-content\/uploads\/2018\/07\/05elab.jpg\" alt=\"\" class=\"wp-image-9394\" width=\"306\" height=\"230\" srcset=\"https:\/\/www.portalalerta.com.br\/wp-content\/uploads\/2018\/07\/05elab.jpg 400w, https:\/\/www.portalalerta.com.br\/wp-content\/uploads\/2018\/07\/05elab-320x240.jpg 320w, https:\/\/www.portalalerta.com.br\/wp-content\/uploads\/2018\/07\/05elab-195x146.jpg 195w, https:\/\/www.portalalerta.com.br\/wp-content\/uploads\/2018\/07\/05elab-50x38.jpg 50w, https:\/\/www.portalalerta.com.br\/wp-content\/uploads\/2018\/07\/05elab-100x75.jpg 100w\" sizes=\"(max-width: 306px) 100vw, 306px\" \/><\/figure><\/div>\n\n\n\n<p>A candidatura de Adolfo surgiu de um acordo pol\u00edtico nas elei\u00e7\u00f5es passadas dentro da base do governador Rui Costa e culminou na desist\u00eancia do candidato Niltinho (PP) e na chegada de Le\u00e3o \u00e0 Casa Civil.<\/p>\n\n\n\n<p><em>Fonte: Metro1<\/em><\/p>\n","protected":false},"excerpt":{"rendered":"<p>O deputado estadual Adolfo Menezes (PSD) foi eleito presidente da Assembleia Legislativa da Bahia nesta segunda-feira (1) para o mandato 2021-2023. O parlamentar concorreu com Hilton Coelho (PT) e obteve maioria da Casa ap\u00f3s acordo entre base governista e oposi\u00e7\u00e3o.<\/p>\n","protected":false},"author":2,"featured_media":32523,"comment_status":"open","ping_status":"open","sticky":false,"template":"","format":"standard","meta":{"om_disable_all_campaigns":false,"_monsterinsights_skip_tracking":false,"_monsterinsights_sitenote_active":false,"_monsterinsights_sitenote_note":"","_monsterinsights_sitenote_category":0,"footnotes":""},"categories":[33,70,69,21],"tags":[4200,478,54,1808,2170],"class_list":["post-32522","post","type-post","status-publish","format-standard","has-post-thumbnail","hentry","category-bahia","category-destaques","category-noticias2","category-politica","tag-adolfo-menezes","tag-alba","tag-bahia","tag-eleicao","tag-presidente-da-alba"],"aioseo_notices":[],"_links":{"self":[{"href":"https:\/\/www.portalalerta.com.br\/index.php\/wp-json\/wp\/v2\/posts\/32522","targetHints":{"allow":["GET"]}}],"collection":[{"href":"https:\/\/www.portalalerta.com.br\/index.php\/wp-json\/wp\/v2\/posts"}],"about":[{"href":"https:\/\/www.portalalerta.com.br\/index.php\/wp-json\/wp\/v2\/types\/post"}],"author":[{"embeddable":true,"href":"https:\/\/www.portalalerta.com.br\/index.php\/wp-json\/wp\/v2\/users\/2"}],"replies":[{"embeddable":true,"href":"https:\/\/www.portalalerta.com.br\/index.php\/wp-json\/wp\/v2\/comments?post=32522"}],"version-history":[{"count":1,"href":"https:\/\/www.portalalerta.com.br\/index.php\/wp-json\/wp\/v2\/posts\/32522\/revisions"}],"predecessor-version":[{"id":32524,"href":"https:\/\/www.portalalerta.com.br\/index.php\/wp-json\/wp\/v2\/posts\/32522\/revisions\/32524"}],"wp:featuredmedia":[{"embeddable":true,"href":"https:\/\/www.portalalerta.com.br\/index.php\/wp-json\/wp\/v2\/media\/32523"}],"wp:attachment":[{"href":"https:\/\/www.portalalerta.com.br\/index.php\/wp-json\/wp\/v2\/media?parent=32522"}],"wp:term":[{"taxonomy":"category","embeddable":true,"href":"https:\/\/www.portalalerta.com.br\/index.php\/wp-json\/wp\/v2\/categories?post=32522"},{"taxonomy":"post_tag","embeddable":true,"href":"https:\/\/www.portalalerta.com.br\/index.php\/wp-json\/wp\/v2\/tags?post=32522"}],"curies":[{"name":"wp","href":"https:\/\/api.w.org\/{rel}","templated":true}]}}