{"id":32525,"date":"2021-02-01T22:05:06","date_gmt":"2021-02-02T01:05:06","guid":{"rendered":"https:\/\/www.portalalerta.com.br\/?p=32525"},"modified":"2021-02-01T22:05:07","modified_gmt":"2021-02-02T01:05:07","slug":"menor-apontado-como-um-dos-lideres-do-trafico-e-apreendido-com-drogas-e-um-simulacro-de-arma-de-fogo-em-tucano-ba","status":"publish","type":"post","link":"https:\/\/www.portalalerta.com.br\/index.php\/2021\/02\/01\/menor-apontado-como-um-dos-lideres-do-trafico-e-apreendido-com-drogas-e-um-simulacro-de-arma-de-fogo-em-tucano-ba\/","title":{"rendered":"Menor apontado como um dos l\u00edderes do tr\u00e1fico, \u00e9 apreendido com drogas e um simulacro de arma de fogo, em Tucano-BA"},"content":{"rendered":"\n<p>Os policiais militares da 2\u00aaCIA PM apreenderam na tarde da \u00faltima quinta-feira (28), no bairro da Urbis, o menor apontado como um dos lideres do tr\u00e1fico no munic\u00edpio. Com ele, foi apreendida uma certa quantidade de maconha, com insumos para embalagens da droga e um simulacro de arma de fogo. O indiv\u00edduo tamb\u00e9m \u00e9 apontado como autor de alguns homic\u00eddios e amea\u00e7as no ano de 2020.<\/p>\n\n\n\n<!--more-->\n\n\n\n<figure class=\"wp-block-image size-large\"><img fetchpriority=\"high\" decoding=\"async\" width=\"720\" height=\"181\" src=\"https:\/\/www.portalalerta.com.br\/wp-content\/uploads\/2018\/02\/Auto-Escola-Nobre.jpg\" alt=\"\" class=\"wp-image-4869\" srcset=\"https:\/\/www.portalalerta.com.br\/wp-content\/uploads\/2018\/02\/Auto-Escola-Nobre.jpg 720w, https:\/\/www.portalalerta.com.br\/wp-content\/uploads\/2018\/02\/Auto-Escola-Nobre-260x65.jpg 260w, https:\/\/www.portalalerta.com.br\/wp-content\/uploads\/2018\/02\/Auto-Escola-Nobre-50x13.jpg 50w, https:\/\/www.portalalerta.com.br\/wp-content\/uploads\/2018\/02\/Auto-Escola-Nobre-150x38.jpg 150w\" sizes=\"(max-width: 720px) 100vw, 720px\" \/><\/figure>\n\n\n\n<p>O comandante da 2\u00aaCIA PM informa que o menor apreendido \u00e9 irm\u00e3o de um outro traficante, que faleceu em 2019 durante confronto com a PM. Desde ent\u00e3o, ele assumiu o controle do tr\u00e1fico na regi\u00e3o da Urbis e no Centro de Tucano, passando a aliciar menores, meninos e meninas, para o consumo e distribui\u00e7\u00e3o de drogas.<\/p>\n\n\n\n<p><em>Fonte: Fique Por Dentro Agora<\/em><\/p>\n","protected":false},"excerpt":{"rendered":"<p>Os policiais militares da 2\u00aaCIA PM apreenderam na tarde da \u00faltima quinta-feira (28), no bairro da Urbis, o menor apontado como um dos lideres do tr\u00e1fico no munic\u00edpio. Com ele, foi apreendida uma certa quantidade de maconha, com insumos para embalagens da droga e um simulacro de arma de fogo. O indiv\u00edduo tamb\u00e9m \u00e9 apontado &hellip;<\/p>\n","protected":false},"author":2,"featured_media":32526,"comment_status":"open","ping_status":"open","sticky":false,"template":"","format":"standard","meta":{"om_disable_all_campaigns":false,"_monsterinsights_skip_tracking":false,"_monsterinsights_sitenote_active":false,"_monsterinsights_sitenote_note":"","_monsterinsights_sitenote_category":0,"footnotes":""},"categories":[70,69,32,22,12],"tags":[143,3385,79,76,190],"class_list":["post-32525","post","type-post","status-publish","format-standard","has-post-thumbnail","hentry","category-destaques","category-noticias2","category-regiao","category-seguranca","category-tucano","tag-apreensao","tag-menor-infrator","tag-policia-militar","tag-trafico-de-drogas","tag-tucano"],"aioseo_notices":[],"_links":{"self":[{"href":"https:\/\/www.portalalerta.com.br\/index.php\/wp-json\/wp\/v2\/posts\/32525","targetHints":{"allow":["GET"]}}],"collection":[{"href":"https:\/\/www.portalalerta.com.br\/index.php\/wp-json\/wp\/v2\/posts"}],"about":[{"href":"https:\/\/www.portalalerta.com.br\/index.php\/wp-json\/wp\/v2\/types\/post"}],"author":[{"embeddable":true,"href":"https:\/\/www.portalalerta.com.br\/index.php\/wp-json\/wp\/v2\/users\/2"}],"replies":[{"embeddable":true,"href":"https:\/\/www.portalalerta.com.br\/index.php\/wp-json\/wp\/v2\/comments?post=32525"}],"version-history":[{"count":1,"href":"https:\/\/www.portalalerta.com.br\/index.php\/wp-json\/wp\/v2\/posts\/32525\/revisions"}],"predecessor-version":[{"id":32527,"href":"https:\/\/www.portalalerta.com.br\/index.php\/wp-json\/wp\/v2\/posts\/32525\/revisions\/32527"}],"wp:featuredmedia":[{"embeddable":true,"href":"https:\/\/www.portalalerta.com.br\/index.php\/wp-json\/wp\/v2\/media\/32526"}],"wp:attachment":[{"href":"https:\/\/www.portalalerta.com.br\/index.php\/wp-json\/wp\/v2\/media?parent=32525"}],"wp:term":[{"taxonomy":"category","embeddable":true,"href":"https:\/\/www.portalalerta.com.br\/index.php\/wp-json\/wp\/v2\/categories?post=32525"},{"taxonomy":"post_tag","embeddable":true,"href":"https:\/\/www.portalalerta.com.br\/index.php\/wp-json\/wp\/v2\/tags?post=32525"}],"curies":[{"name":"wp","href":"https:\/\/api.w.org\/{rel}","templated":true}]}}