{"id":32561,"date":"2021-02-03T10:33:19","date_gmt":"2021-02-03T13:33:19","guid":{"rendered":"https:\/\/www.portalalerta.com.br\/?p=32561"},"modified":"2021-02-03T10:33:21","modified_gmt":"2021-02-03T13:33:21","slug":"ribeira-do-amparo-ba-inicia-vacinacao-contra-a-covid-19-em-idosos-com-idade-a-partir-de-90-anos","status":"publish","type":"post","link":"https:\/\/www.portalalerta.com.br\/index.php\/2021\/02\/03\/ribeira-do-amparo-ba-inicia-vacinacao-contra-a-covid-19-em-idosos-com-idade-a-partir-de-90-anos\/","title":{"rendered":"Ribeira do Amparo-BA inicia vacina\u00e7\u00e3o contra a Covid-19, em idosos com idade a partir de 90 anos"},"content":{"rendered":"\n<p>O munic\u00edpio de Ribeira do Amparo-BA iniciou a vacina\u00e7\u00e3o contra a Covid-19 (Coronav\u00edrus), em idosos com 90 anos de idade em diante.<\/p>\n\n\n\n<!--more-->\n\n\n\n<div data-mvc-banner=\"leaderboard\"><\/div><script type=\"text\/javascript\"> (function(storeName) { var b = document.createElement('script'); b.type = 'text\/javascript'; b.async = true; b.src = 'https:\/\/www.magazinevoce.com.br\/js\/banner.js?store='+ storeName; var s = document.getElementsByTagName('script')[0]; s.parentNode.insertBefore(b, s); })('Nvscosta'); <\/script>\n\n\n\n<p>A vacina\u00e7\u00e3o est\u00e1 sendo realizada em domic\u00edlio, atrav\u00e9s de equipes volantes ligadas \u00e0 secretaria Municipal de Sa\u00fade.<\/p>\n\n\n\n<p>Vale ressaltar que esta etapa utiliza novas doses do imunizante Coronavac, fabricado no Instituto Butantan em parceria com o Laborat\u00f3rio chin\u00eas SINOVAC, que foram disponibilizados ao munic\u00edpio.<\/p>\n\n\n\n<p><em>Reda\u00e7\u00e3o: Portal Alerta<\/em><\/p>\n\n\n\n<p><em><strong>#fiqueemcasa<\/strong><\/em><\/p>\n\n\n\n<p><em><strong>#usemascaras<\/strong><\/em><\/p>\n","protected":false},"excerpt":{"rendered":"<p>O munic\u00edpio de Ribeira do Amparo-BA iniciou a vacina\u00e7\u00e3o contra a Covid-19 (Coronav\u00edrus), em idosos com 90 anos de idade em diante.<\/p>\n","protected":false},"author":2,"featured_media":32562,"comment_status":"open","ping_status":"open","sticky":false,"template":"","format":"standard","meta":{"om_disable_all_campaigns":false,"_monsterinsights_skip_tracking":false,"_monsterinsights_sitenote_active":false,"_monsterinsights_sitenote_note":"","_monsterinsights_sitenote_category":0,"footnotes":""},"categories":[70,69,32,16,19],"tags":[3960,3429,3486,3570,371],"class_list":["post-32561","post","type-post","status-publish","format-standard","has-post-thumbnail","hentry","category-destaques","category-noticias2","category-regiao","category-ribeira-do-amparo","category-saude","tag-coronavac","tag-coronavirus","tag-covid-19","tag-vacina","tag-vacinacao"],"aioseo_notices":[],"_links":{"self":[{"href":"https:\/\/www.portalalerta.com.br\/index.php\/wp-json\/wp\/v2\/posts\/32561","targetHints":{"allow":["GET"]}}],"collection":[{"href":"https:\/\/www.portalalerta.com.br\/index.php\/wp-json\/wp\/v2\/posts"}],"about":[{"href":"https:\/\/www.portalalerta.com.br\/index.php\/wp-json\/wp\/v2\/types\/post"}],"author":[{"embeddable":true,"href":"https:\/\/www.portalalerta.com.br\/index.php\/wp-json\/wp\/v2\/users\/2"}],"replies":[{"embeddable":true,"href":"https:\/\/www.portalalerta.com.br\/index.php\/wp-json\/wp\/v2\/comments?post=32561"}],"version-history":[{"count":1,"href":"https:\/\/www.portalalerta.com.br\/index.php\/wp-json\/wp\/v2\/posts\/32561\/revisions"}],"predecessor-version":[{"id":32563,"href":"https:\/\/www.portalalerta.com.br\/index.php\/wp-json\/wp\/v2\/posts\/32561\/revisions\/32563"}],"wp:featuredmedia":[{"embeddable":true,"href":"https:\/\/www.portalalerta.com.br\/index.php\/wp-json\/wp\/v2\/media\/32562"}],"wp:attachment":[{"href":"https:\/\/www.portalalerta.com.br\/index.php\/wp-json\/wp\/v2\/media?parent=32561"}],"wp:term":[{"taxonomy":"category","embeddable":true,"href":"https:\/\/www.portalalerta.com.br\/index.php\/wp-json\/wp\/v2\/categories?post=32561"},{"taxonomy":"post_tag","embeddable":true,"href":"https:\/\/www.portalalerta.com.br\/index.php\/wp-json\/wp\/v2\/tags?post=32561"}],"curies":[{"name":"wp","href":"https:\/\/api.w.org\/{rel}","templated":true}]}}