{"id":32564,"date":"2021-02-03T10:44:14","date_gmt":"2021-02-03T13:44:14","guid":{"rendered":"https:\/\/www.portalalerta.com.br\/?p=32564"},"modified":"2021-02-03T10:44:19","modified_gmt":"2021-02-03T13:44:19","slug":"pazuello-usa-campanha-contra-covid-19-da-gestao-mandetta","status":"publish","type":"post","link":"https:\/\/www.portalalerta.com.br\/index.php\/2021\/02\/03\/pazuello-usa-campanha-contra-covid-19-da-gestao-mandetta\/","title":{"rendered":"Pazuello usa campanha contra Covid-19 da gest\u00e3o Mandetta"},"content":{"rendered":"\n<p>Ao ser reclamada uma campanha de conscientiza\u00e7\u00e3o contra o coronav\u00edrus pela C\u00e2mara ao ministro da Sa\u00fade Eduardo Pazuello, ele mandou, na \u00faltima segunda-feira (1\u00ba), v\u00eddeos da gest\u00e3o do ex-representante do cargo, Luiz Henrique Mandetta. A informa\u00e7\u00e3o \u00e9 da coluna de Guilherme Amado, do portal \u00c9poca.<\/p>\n\n\n\n<!--more-->\n\n\n\n<div class=\"wp-block-image\"><figure class=\"alignleft size-large is-resized\"><img fetchpriority=\"high\" decoding=\"async\" src=\"https:\/\/www.portalalerta.com.br\/wp-content\/uploads\/2018\/07\/05elab.jpg\" alt=\"\" class=\"wp-image-9394\" width=\"311\" height=\"233\" srcset=\"https:\/\/www.portalalerta.com.br\/wp-content\/uploads\/2018\/07\/05elab.jpg 400w, https:\/\/www.portalalerta.com.br\/wp-content\/uploads\/2018\/07\/05elab-320x240.jpg 320w, https:\/\/www.portalalerta.com.br\/wp-content\/uploads\/2018\/07\/05elab-195x146.jpg 195w, https:\/\/www.portalalerta.com.br\/wp-content\/uploads\/2018\/07\/05elab-50x38.jpg 50w, https:\/\/www.portalalerta.com.br\/wp-content\/uploads\/2018\/07\/05elab-100x75.jpg 100w\" sizes=\"(max-width: 311px) 100vw, 311px\" \/><\/figure><\/div>\n\n\n\n<p>O Minist\u00e9rio da Sa\u00fade enviou \u00e0 Casa 11 v\u00eddeos institucionais publicados em 2 de abril de 2020. Eles orientam sobre as medidas sanit\u00e1rias que devem ser tomadas para evitar o cont\u00e1gio por coronav\u00edrus.<\/p>\n\n\n\n<p>Pazuello, por\u00e9m, n\u00e3o menciona o conte\u00fado dos v\u00eddeos, como o isolamento social, durante a sua gest\u00e3o. A pasta \u00e9 conhecida por refor\u00e7ar o uso de medicamentos sem efic\u00e1cia comprovada contra a Covid-19, chamado de &#8220;tratamento precoce&#8221;, apoiado pelo presidente da Rep\u00fablica Jair Bolsonaro (sem partido).<\/p>\n\n\n\n<p><em>Fonte: Metro1<\/em><\/p>\n","protected":false},"excerpt":{"rendered":"<p>Ao ser reclamada uma campanha de conscientiza\u00e7\u00e3o contra o coronav\u00edrus pela C\u00e2mara ao ministro da Sa\u00fade Eduardo Pazuello, ele mandou, na \u00faltima segunda-feira (1\u00ba), v\u00eddeos da gest\u00e3o do ex-representante do cargo, Luiz Henrique Mandetta. A informa\u00e7\u00e3o \u00e9 da coluna de Guilherme Amado, do portal \u00c9poca.<\/p>\n","protected":false},"author":2,"featured_media":30687,"comment_status":"open","ping_status":"open","sticky":false,"template":"","format":"standard","meta":{"om_disable_all_campaigns":false,"_monsterinsights_skip_tracking":false,"_monsterinsights_sitenote_active":false,"_monsterinsights_sitenote_note":"","_monsterinsights_sitenote_category":0,"footnotes":""},"categories":[34,70,69,21,19],"tags":[93,186,3429,3486,3661,1884,635,61],"class_list":["post-32564","post","type-post","status-publish","format-standard","has-post-thumbnail","hentry","category-brasil","category-destaques","category-noticias2","category-politica","category-saude","tag-brasil","tag-camara-dos-deputados","tag-coronavirus","tag-covid-19","tag-eduardo-pazuello","tag-luiz-henrique-mandetta","tag-ministerio-da-saude","tag-saude"],"aioseo_notices":[],"_links":{"self":[{"href":"https:\/\/www.portalalerta.com.br\/index.php\/wp-json\/wp\/v2\/posts\/32564","targetHints":{"allow":["GET"]}}],"collection":[{"href":"https:\/\/www.portalalerta.com.br\/index.php\/wp-json\/wp\/v2\/posts"}],"about":[{"href":"https:\/\/www.portalalerta.com.br\/index.php\/wp-json\/wp\/v2\/types\/post"}],"author":[{"embeddable":true,"href":"https:\/\/www.portalalerta.com.br\/index.php\/wp-json\/wp\/v2\/users\/2"}],"replies":[{"embeddable":true,"href":"https:\/\/www.portalalerta.com.br\/index.php\/wp-json\/wp\/v2\/comments?post=32564"}],"version-history":[{"count":1,"href":"https:\/\/www.portalalerta.com.br\/index.php\/wp-json\/wp\/v2\/posts\/32564\/revisions"}],"predecessor-version":[{"id":32565,"href":"https:\/\/www.portalalerta.com.br\/index.php\/wp-json\/wp\/v2\/posts\/32564\/revisions\/32565"}],"wp:featuredmedia":[{"embeddable":true,"href":"https:\/\/www.portalalerta.com.br\/index.php\/wp-json\/wp\/v2\/media\/30687"}],"wp:attachment":[{"href":"https:\/\/www.portalalerta.com.br\/index.php\/wp-json\/wp\/v2\/media?parent=32564"}],"wp:term":[{"taxonomy":"category","embeddable":true,"href":"https:\/\/www.portalalerta.com.br\/index.php\/wp-json\/wp\/v2\/categories?post=32564"},{"taxonomy":"post_tag","embeddable":true,"href":"https:\/\/www.portalalerta.com.br\/index.php\/wp-json\/wp\/v2\/tags?post=32564"}],"curies":[{"name":"wp","href":"https:\/\/api.w.org\/{rel}","templated":true}]}}