{"id":32566,"date":"2021-02-03T13:36:49","date_gmt":"2021-02-03T16:36:49","guid":{"rendered":"https:\/\/www.portalalerta.com.br\/?p=32566"},"modified":"2021-02-03T13:36:49","modified_gmt":"2021-02-03T16:36:49","slug":"tucano-ba-reduziu-em-14-o-numero-de-homicidios-ocorridos-em-2020-em-comparacao-ao-ano-anterior","status":"publish","type":"post","link":"https:\/\/www.portalalerta.com.br\/index.php\/2021\/02\/03\/tucano-ba-reduziu-em-14-o-numero-de-homicidios-ocorridos-em-2020-em-comparacao-ao-ano-anterior\/","title":{"rendered":"Tucano-BA reduziu em 14% o n\u00famero de homic\u00eddios ocorridos em 2020, em compara\u00e7\u00e3o ao ano anterior!"},"content":{"rendered":"\n<p>Em 2020, Tucano-BA registrou doze homic\u00eddios, 02 a menos que em 2019, representando uma redu\u00e7\u00e3o em 14% comparado ao ano passado.&nbsp; &nbsp;<\/p>\n\n\n\n<!--more-->\n\n\n\n<p>Atualmente Tucano \u00e9 habitada por 50.798 pessoas, de acordo com o \u00faltimo levantamento do IBGE. Desta forma, analisando em propor\u00e7\u00e3o, ficou com uma m\u00e9dia de 24 homic\u00eddios para cada 100.000 habitantes.<\/p>\n\n\n\n<p>Por fim, se concluiu que maio foi o m\u00eas mais violento do ano, registrando quatro homic\u00eddios no total.&nbsp;&nbsp;&nbsp; Oito dos doze homic\u00eddios cometidos na cidade durante 2020, foram cometidos com uso de arma de fogo.<\/p>\n\n\n\n<p>Vale ressaltar que estes dados s\u00e3o baseados em mat\u00e9rias jornal\u00edsticas do site PORTAL ALERTA, n\u00e3o incluindo mortes por interven\u00e7\u00f5es policiais, o que pode ser contestadas pelas autoridades policiais.<\/p>\n\n\n\n<p><strong>Confira:<\/strong><\/p>\n\n\n\n<p><strong><a href=\"https:\/\/www.portalalerta.com.br\/index.php\/2020\/01\/03\/homem-e-morto-a-tiros-apos-ter-casa-invadida-por-criminosos-em-tucano-ba\/\">1 \u2013 Leandro Macedo dos Santos, 28 anos, em 02\/01\/2020<\/a><\/strong><\/p>\n\n\n\n<p><strong>Local:<\/strong> Bairro Nova Esperan\u00e7a<\/p>\n\n\n\n<p><strong>Meio Utilizado:<\/strong> Arma de Fogo<\/p>\n\n\n\n<p><strong>Poss\u00edvel Motiva\u00e7\u00e3o:<\/strong> Crime Organizado<\/p>\n\n\n\n<p><\/p>\n\n\n\n<p><strong><a href=\"https:\/\/www.portalalerta.com.br\/index.php\/2020\/04\/18\/jovem-e-assassinado-a-tiros-no-distrito-de-caldas-do-jorro-em-tucano-ba\/\">2 \u2013&nbsp; Raul Silva Reis, de 21 anos, em 17\/04\/2020<\/a><\/strong><\/p>\n\n\n\n<p><strong>Local: <\/strong>Av. Cleriston Andrade, Caldas do Jorro<\/p>\n\n\n\n<p><strong>Meio Utilizado:<\/strong> Arma de Fogo<\/p>\n\n\n\n<p><strong>Poss\u00edvel Motiva\u00e7\u00e3o:<\/strong> Crime Organizado<\/p>\n\n\n\n<p><\/p>\n\n\n\n<p><strong><a href=\"https:\/\/www.portalalerta.com.br\/index.php\/2020\/05\/02\/tres-pessoas-sao-assassinadas-no-mesmo-dia-em-tucano-ba\/\">3 \u2013 Antonio dos Santos Cabral (Toinho), 52 anos,&nbsp;em 1\u00ba\/05\/2020<\/a><\/strong><\/p>\n\n\n\n<p><strong>Local: <\/strong>Av. H\u00e9lcio Andrade<\/p>\n\n\n\n<p><strong>Meio Utilizado:<\/strong> Arma de Fogo<\/p>\n\n\n\n<p><strong>Poss\u00edvel Motiva\u00e7\u00e3o:<\/strong> Crime Organizado<\/p>\n\n\n\n<p><\/p>\n\n\n\n<p><strong><a href=\"https:\/\/www.portalalerta.com.br\/index.php\/2020\/05\/02\/tres-pessoas-sao-assassinadas-no-mesmo-dia-em-tucano-ba\/\">4 \u2013 C\u00edcero (Caboclo), em 1\u00ba\/05\/2020<\/a><\/strong><\/p>\n\n\n\n<p><strong>Local: <\/strong>Bairro Vila Progresso<\/p>\n\n\n\n<p><strong>Meio Utilizado:<\/strong> Arma de fogo<\/p>\n\n\n\n<p><strong>Poss\u00edvel Motiva\u00e7\u00e3o:<\/strong> Desconhecida<\/p>\n\n\n\n<p><\/p>\n\n\n\n<p><strong><a href=\"https:\/\/www.portalalerta.com.br\/index.php\/2020\/05\/02\/tres-pessoas-sao-assassinadas-no-mesmo-dia-em-tucano-ba\/\">5 \u2013 Anderson, em 1\u00ba\/05\/2020<\/a><\/strong><\/p>\n\n\n\n<p><strong>Local: <\/strong>Bairro Vila Progresso<\/p>\n\n\n\n<p><strong>Meio Utilizado:<\/strong> Arma de fogo<\/p>\n\n\n\n<p><strong>Poss\u00edvel Motiva\u00e7\u00e3o:<\/strong> Desconhecida<\/p>\n\n\n\n<p><\/p>\n\n\n\n<p><strong><a href=\"https:\/\/www.portalalerta.com.br\/index.php\/2020\/05\/17\/idoso-morre-com-tiro-e-outro-fica-gravemente-ferido-de-facada-apos-desentendimento-na-zona-rural-de-tucano-ba\/\">6 \u2013 Francisco, 63 anos, em 16\/05\/2020<\/a><\/strong><\/p>\n\n\n\n<p><strong>Local:<\/strong> Povoado S\u00edtio do Mandacaru<\/p>\n\n\n\n<p><strong>Meio Utilizado:<\/strong> Facada<\/p>\n\n\n\n<p><strong>Poss\u00edvel Motiva\u00e7\u00e3o:<\/strong> Desentendimento<\/p>\n\n\n\n<p><\/p>\n\n\n\n<p><strong><a href=\"https:\/\/www.portalalerta.com.br\/index.php\/2020\/06\/30\/adolescente-e-assassinado-a-tiros-em-tucano-ba-2\/\">7 \u2013 Railson Silva de Jesus, de 17 anos,&nbsp;29\/06\/2020<\/a><\/strong><\/p>\n\n\n\n<p><strong>Local:<\/strong> Rua Arlindo Dantas, Caldas do Jorro<\/p>\n\n\n\n<p><strong>Meio Utilizado:<\/strong> Arma de fogo<\/p>\n\n\n\n<p><strong>Poss\u00edvel Motiva\u00e7\u00e3o: \u00a0<\/strong>Crime Organizado<\/p>\n\n\n\n<p><\/p>\n\n\n\n<p><strong><a href=\"https:\/\/www.portalalerta.com.br\/index.php\/2020\/07\/12\/tucano-ba-jovem-e-executado-a-tiros-dentro-de-casa-no-distrito-de-caldas-do-jorro\/\">8 \u2013 Caio Silva Costa, de 25 anos, em 11\/07\/2020<\/a><\/strong><\/p>\n\n\n\n<p><strong>Local:<\/strong> Rua Jo\u00e3o Kardec Pinho, Caldas do Jorro<\/p>\n\n\n\n<p><strong>Meio Utilizado:<\/strong> Arma de fogo<\/p>\n\n\n\n<p><strong>Poss\u00edvel Motiva\u00e7\u00e3o:<\/strong> Crime Organizado<\/p>\n\n\n\n<p><\/p>\n\n\n\n<p><strong><a href=\"https:\/\/www.portalalerta.com.br\/index.php\/2020\/07\/15\/corpo-de-jovem-que-estava-desaparecido-e-encontrado-em-estado-de-decomposicao-em-tucano-ba\/\">9 \u2013 Rodrigo da Silva, de 24 anos, em 11\/07\/2020<\/a><\/strong><\/p>\n\n\n\n<p><strong>Local:<\/strong> Rua Jo\u00e3o Kardec Pinho, Caldas do Jorro<\/p>\n\n\n\n<p><strong>Meio Utilizado:<\/strong> Arma de fogo<\/p>\n\n\n\n<p><strong>Poss\u00edvel Motiva\u00e7\u00e3o:<\/strong> Crime Organizado<\/p>\n\n\n\n<p><\/p>\n\n\n\n<p><strong><a href=\"https:\/\/www.portalalerta.com.br\/index.php\/2020\/09\/04\/idoso-e-encontrado-morto-em-tucano-ba-e-policia-suspeita-de-latrocinio\/\">10 \u2013 Luiz Rodrigues de Andrade, de 81 anos, em 04\/09\/2020<\/a><\/strong><\/p>\n\n\n\n<p><strong>Local:<\/strong> Casinhas Novas, Caldas do Jorro<\/p>\n\n\n\n<p><strong>Meio Utilizado:<\/strong> Estrangulamento<\/p>\n\n\n\n<p><strong>Poss\u00edvel Motiva\u00e7\u00e3o:<\/strong> Latroc\u00ednio<\/p>\n\n\n\n<p><\/p>\n\n\n\n<p><strong><a href=\"https:\/\/www.portalalerta.com.br\/index.php\/2020\/11\/03\/homem-e-assassinado-apos-ter-casa-invadida-em-tucano-ba\/\">11 \u2013 Raido Jesus dos Santos (Raildo do Jogo do Bicho), 44 anos, em 02\/11\/2020<\/a><\/strong><\/p>\n\n\n\n<p><strong>Local:<\/strong> Bairro Vila Progresso<\/p>\n\n\n\n<p><strong>Meio Utilizado:<\/strong> Arma de fogo<\/p>\n\n\n\n<p><strong>Poss\u00edvel Motiva\u00e7\u00e3o:<\/strong> Desconhecida<\/p>\n\n\n\n<p><\/p>\n\n\n\n<p><strong><a href=\"https:\/\/www.portalalerta.com.br\/index.php\/2020\/11\/24\/homem-e-assassinado-a-tiros-dentro-de-bar-em-tucano-ba\/\">12 \u2013 Arthur Pereira Cavalcante (Arthur do Totinha), de 22 anos, em 22\/11\/2020<\/a><\/strong><\/p>\n\n\n\n<p><strong>Local:<\/strong> Rua Senhor dos Passos, bairro Nova Esperan\u00e7a<\/p>\n\n\n\n<p><strong>Meio Utilizado:<\/strong> Arma de Fogo<\/p>\n\n\n\n<p><strong>Poss\u00edvel Motiva\u00e7\u00e3o:<\/strong> Crime Organizado<\/p>\n\n\n\n<p><\/p>\n\n\n\n<p><strong>Confira o gr\u00e1fico comparativo mensal, entre 2019 e 2020:<\/strong><\/p>\n\n\n\n<div class=\"wp-block-image\"><figure class=\"aligncenter size-large\"><img fetchpriority=\"high\" decoding=\"async\" width=\"530\" height=\"320\" src=\"https:\/\/www.portalalerta.com.br\/wp-content\/uploads\/2021\/02\/Comparativo-Mensal-de-Homicidios-em-Tucano-2019-e-2020.jpg\" alt=\"\" class=\"wp-image-32567\" srcset=\"https:\/\/www.portalalerta.com.br\/wp-content\/uploads\/2021\/02\/Comparativo-Mensal-de-Homicidios-em-Tucano-2019-e-2020.jpg 530w, https:\/\/www.portalalerta.com.br\/wp-content\/uploads\/2021\/02\/Comparativo-Mensal-de-Homicidios-em-Tucano-2019-e-2020-398x240.jpg 398w, https:\/\/www.portalalerta.com.br\/wp-content\/uploads\/2021\/02\/Comparativo-Mensal-de-Homicidios-em-Tucano-2019-e-2020-242x146.jpg 242w, https:\/\/www.portalalerta.com.br\/wp-content\/uploads\/2021\/02\/Comparativo-Mensal-de-Homicidios-em-Tucano-2019-e-2020-50x30.jpg 50w, https:\/\/www.portalalerta.com.br\/wp-content\/uploads\/2021\/02\/Comparativo-Mensal-de-Homicidios-em-Tucano-2019-e-2020-124x75.jpg 124w, https:\/\/www.portalalerta.com.br\/wp-content\/uploads\/2021\/02\/Comparativo-Mensal-de-Homicidios-em-Tucano-2019-e-2020-250x150.jpg 250w\" sizes=\"(max-width: 530px) 100vw, 530px\" \/><\/figure><\/div>\n\n\n\n<p><em>Reda\u00e7\u00e3o: Portal Alerta<\/em><\/p>\n\n\n\n<p><em><strong>#fiqueemcasa<\/strong><\/em><\/p>\n\n\n\n<p><em><strong>#usemascaras<\/strong><\/em><\/p>\n","protected":false},"excerpt":{"rendered":"<p>Em 2020, Tucano-BA registrou doze homic\u00eddios, 02 a menos que em 2019, representando uma redu\u00e7\u00e3o em 14% comparado ao ano passado.&nbsp; &nbsp;<\/p>\n","protected":false},"author":2,"featured_media":24981,"comment_status":"open","ping_status":"open","sticky":false,"template":"","format":"standard","meta":{"om_disable_all_campaigns":false,"_monsterinsights_skip_tracking":false,"_monsterinsights_sitenote_active":false,"_monsterinsights_sitenote_note":"","_monsterinsights_sitenote_category":0,"footnotes":""},"categories":[69,32,22,12],"tags":[1887,2069,2074,439],"class_list":["post-32566","post","type-post","status-publish","format-standard","has-post-thumbnail","hentry","category-noticias2","category-regiao","category-seguranca","category-tucano","tag-1887","tag-2069","tag-homicidios","tag-mortes"],"aioseo_notices":[],"_links":{"self":[{"href":"https:\/\/www.portalalerta.com.br\/index.php\/wp-json\/wp\/v2\/posts\/32566","targetHints":{"allow":["GET"]}}],"collection":[{"href":"https:\/\/www.portalalerta.com.br\/index.php\/wp-json\/wp\/v2\/posts"}],"about":[{"href":"https:\/\/www.portalalerta.com.br\/index.php\/wp-json\/wp\/v2\/types\/post"}],"author":[{"embeddable":true,"href":"https:\/\/www.portalalerta.com.br\/index.php\/wp-json\/wp\/v2\/users\/2"}],"replies":[{"embeddable":true,"href":"https:\/\/www.portalalerta.com.br\/index.php\/wp-json\/wp\/v2\/comments?post=32566"}],"version-history":[{"count":1,"href":"https:\/\/www.portalalerta.com.br\/index.php\/wp-json\/wp\/v2\/posts\/32566\/revisions"}],"predecessor-version":[{"id":32568,"href":"https:\/\/www.portalalerta.com.br\/index.php\/wp-json\/wp\/v2\/posts\/32566\/revisions\/32568"}],"wp:featuredmedia":[{"embeddable":true,"href":"https:\/\/www.portalalerta.com.br\/index.php\/wp-json\/wp\/v2\/media\/24981"}],"wp:attachment":[{"href":"https:\/\/www.portalalerta.com.br\/index.php\/wp-json\/wp\/v2\/media?parent=32566"}],"wp:term":[{"taxonomy":"category","embeddable":true,"href":"https:\/\/www.portalalerta.com.br\/index.php\/wp-json\/wp\/v2\/categories?post=32566"},{"taxonomy":"post_tag","embeddable":true,"href":"https:\/\/www.portalalerta.com.br\/index.php\/wp-json\/wp\/v2\/tags?post=32566"}],"curies":[{"name":"wp","href":"https:\/\/api.w.org\/{rel}","templated":true}]}}