{"id":32569,"date":"2021-02-03T13:42:39","date_gmt":"2021-02-03T16:42:39","guid":{"rendered":"https:\/\/www.portalalerta.com.br\/?p=32569"},"modified":"2021-02-03T13:42:40","modified_gmt":"2021-02-03T16:42:40","slug":"senado-define-integrantes-da-nova-mesa-diretora-confira","status":"publish","type":"post","link":"https:\/\/www.portalalerta.com.br\/index.php\/2021\/02\/03\/senado-define-integrantes-da-nova-mesa-diretora-confira\/","title":{"rendered":"Senado define integrantes da nova Mesa Diretora; confira"},"content":{"rendered":"\n<p>Nesta segunda-feira (1\u00ba), Rodrigo Pacheco (DEM-MG) foi eleito novo presidente do Senado e, e na ter\u00e7a-feira (2) os parlamentares se reuniram para definir os demais integrantes da Mesa Diretora da Casa.<\/p>\n\n\n\n<!--more-->\n\n\n\n<div class=\"wp-block-image\"><figure class=\"aligncenter size-large\"><img fetchpriority=\"high\" decoding=\"async\" width=\"720\" height=\"181\" src=\"https:\/\/www.portalalerta.com.br\/wp-content\/uploads\/2018\/02\/Auto-Escola-Nobre.jpg\" alt=\"\" class=\"wp-image-4869\" srcset=\"https:\/\/www.portalalerta.com.br\/wp-content\/uploads\/2018\/02\/Auto-Escola-Nobre.jpg 720w, https:\/\/www.portalalerta.com.br\/wp-content\/uploads\/2018\/02\/Auto-Escola-Nobre-260x65.jpg 260w, https:\/\/www.portalalerta.com.br\/wp-content\/uploads\/2018\/02\/Auto-Escola-Nobre-50x13.jpg 50w, https:\/\/www.portalalerta.com.br\/wp-content\/uploads\/2018\/02\/Auto-Escola-Nobre-150x38.jpg 150w\" sizes=\"(max-width: 720px) 100vw, 720px\" \/><\/figure><\/div>\n\n\n\n<p>Fica assim a Mesa Diretora do Senado para o per\u00edodo 2021\/2022:<\/p>\n\n\n\n<ul class=\"wp-block-list\"><li><strong>Presidente: <\/strong>Rodrigo Pacheco (DEM-MG);<\/li><li><strong>1\u00ba vice-presidente:<\/strong> Veneziano Vital do R\u00eago (MDB-PB);<\/li><li><strong>2\u00ba vice-presidente:<\/strong> Rom\u00e1rio (Podemos-RJ);<\/li><li><strong>Primeiro secret\u00e1rio:<\/strong> Iraj\u00e1 (PSD-TO);<\/li><li><strong>Segundo secret\u00e1rio: <\/strong>Elmano Ferrer (PP-PI);<\/li><li><strong>Terceiro secret\u00e1rio: <\/strong>Rog\u00e9rio Carvalho (PT-SE);<\/li><li><strong>Quarto Secret\u00e1rio:<\/strong> Weverton Rocha (PDT-MA);<\/li><li><strong>Suplentes de secret\u00e1rios: <\/strong>Jorginho Mello (PL-SC), Luiz do Carmo (MDB-GO) e Eliziane Gama (Cidadania-MA). O quarto suplente ainda n\u00e3o foi definido (a vota\u00e7\u00e3o ser\u00e1 em outro momento).<\/li><\/ul>\n\n\n\n<p><em>Fonte: Metro1<\/em><\/p>\n","protected":false},"excerpt":{"rendered":"<p>Nesta segunda-feira (1\u00ba), Rodrigo Pacheco (DEM-MG) foi eleito novo presidente do Senado e, e na ter\u00e7a-feira (2) os parlamentares se reuniram para definir os demais integrantes da Mesa Diretora da Casa.<\/p>\n","protected":false},"author":2,"featured_media":7637,"comment_status":"open","ping_status":"open","sticky":false,"template":"","format":"standard","meta":{"om_disable_all_campaigns":false,"_monsterinsights_skip_tracking":false,"_monsterinsights_sitenote_active":false,"_monsterinsights_sitenote_note":"","_monsterinsights_sitenote_category":0,"footnotes":""},"categories":[34,70,69,21],"tags":[93,1809,235,1030],"class_list":["post-32569","post","type-post","status-publish","format-standard","has-post-thumbnail","hentry","category-brasil","category-destaques","category-noticias2","category-politica","tag-brasil","tag-mesa-diretora","tag-senado-federal","tag-senadores"],"aioseo_notices":[],"_links":{"self":[{"href":"https:\/\/www.portalalerta.com.br\/index.php\/wp-json\/wp\/v2\/posts\/32569","targetHints":{"allow":["GET"]}}],"collection":[{"href":"https:\/\/www.portalalerta.com.br\/index.php\/wp-json\/wp\/v2\/posts"}],"about":[{"href":"https:\/\/www.portalalerta.com.br\/index.php\/wp-json\/wp\/v2\/types\/post"}],"author":[{"embeddable":true,"href":"https:\/\/www.portalalerta.com.br\/index.php\/wp-json\/wp\/v2\/users\/2"}],"replies":[{"embeddable":true,"href":"https:\/\/www.portalalerta.com.br\/index.php\/wp-json\/wp\/v2\/comments?post=32569"}],"version-history":[{"count":1,"href":"https:\/\/www.portalalerta.com.br\/index.php\/wp-json\/wp\/v2\/posts\/32569\/revisions"}],"predecessor-version":[{"id":32571,"href":"https:\/\/www.portalalerta.com.br\/index.php\/wp-json\/wp\/v2\/posts\/32569\/revisions\/32571"}],"wp:featuredmedia":[{"embeddable":true,"href":"https:\/\/www.portalalerta.com.br\/index.php\/wp-json\/wp\/v2\/media\/7637"}],"wp:attachment":[{"href":"https:\/\/www.portalalerta.com.br\/index.php\/wp-json\/wp\/v2\/media?parent=32569"}],"wp:term":[{"taxonomy":"category","embeddable":true,"href":"https:\/\/www.portalalerta.com.br\/index.php\/wp-json\/wp\/v2\/categories?post=32569"},{"taxonomy":"post_tag","embeddable":true,"href":"https:\/\/www.portalalerta.com.br\/index.php\/wp-json\/wp\/v2\/tags?post=32569"}],"curies":[{"name":"wp","href":"https:\/\/api.w.org\/{rel}","templated":true}]}}