{"id":32595,"date":"2021-02-05T08:00:00","date_gmt":"2021-02-05T11:00:00","guid":{"rendered":"https:\/\/www.portalalerta.com.br\/?p=32595"},"modified":"2021-02-04T22:36:51","modified_gmt":"2021-02-05T01:36:51","slug":"edital-preve-internacionalizacao-de-universidades-brasileiras","status":"publish","type":"post","link":"https:\/\/www.portalalerta.com.br\/index.php\/2021\/02\/05\/edital-preve-internacionalizacao-de-universidades-brasileiras\/","title":{"rendered":"Edital prev\u00ea internacionaliza\u00e7\u00e3o de universidades brasileiras"},"content":{"rendered":"\n<p>O British Council, em parceria com o Minist\u00e9rio da Educa\u00e7\u00e3o (MEC) e o Conselho Nacional das Funda\u00e7\u00f5es Estaduais de Amparo \u00e0 Pesquisa (Confap), lan\u00e7a, este m\u00eas, o edital Internacionaliza\u00e7\u00e3o e Pol\u00edticas Lingu\u00edsticas para promover a capacita\u00e7\u00e3o de institui\u00e7\u00f5es de ensino superior p\u00fablicas e privadas em programas que visam \u00e0 coopera\u00e7\u00e3o internacional. O investimento previsto \u00e9 de R$ 4 milh\u00f5es.&nbsp;<\/p>\n\n\n\n<!--more-->\n\n\n\n<p>A inten\u00e7\u00e3o \u00e9, durante a pandemia do novo coronav\u00edrus, promover a chamada internacionaliza\u00e7\u00e3o em casa, ou seja, promover a contribui\u00e7\u00e3o internacional entre universidades, sem depender exclusivamente de programas relacionados \u00e0 mobilidade. Al\u00e9m de participar de ciclo de&nbsp;<em>workshops<\/em>&nbsp;gratuito, institui\u00e7\u00f5es de ensino poder\u00e3o inscrever projetos em edital que visa a estruturar programas multiculturais.&nbsp;<\/p>\n\n\n\n<p>De acordo com o British Council, o edital prev\u00ea que universidades brasileiras fa\u00e7am parcerias com institui\u00e7\u00f5es de ensino superior do Reino Unido para criar um programa de internacionaliza\u00e7\u00e3o s\u00f3lido para a comunidade acad\u00eamica e a \u00e1rea de pesquisa e extens\u00e3o. Um dos resultados que se espera do programa \u00e9 a consolida\u00e7\u00e3o da imagem da pesquisa brasileira no exterior.<\/p>\n\n\n\n<div data-mvc-banner=\"leaderboard\"><\/div><script type=\"text\/javascript\"> (function(storeName) { var b = document.createElement('script'); b.type = 'text\/javascript'; b.async = true; b.src = 'https:\/\/www.magazinevoce.com.br\/js\/banner.js?store='+ storeName; var s = document.getElementsByTagName('script')[0]; s.parentNode.insertBefore(b, s); })('Nvscosta'); <\/script>\n\n\n\n<p><strong>Oficinas gratuitas<\/strong><\/p>\n\n\n\n<p>Em fevereiro e mar\u00e7o, o British Council ir\u00e1 oferecer tr\u00eas&nbsp;<em>workshops<\/em>&nbsp;gratuitos com o objetivo de capacitar as institui\u00e7\u00f5es de ensino superior a estruturarem propostas de internacionaliza\u00e7\u00e3o. O primeiro deles, com o tema Internacionaliza\u00e7\u00e3o do Ensino Superior: conceitos e dimens\u00f5es ser\u00e1 hoje (4), das 9h30 \u00e0s 16h30. A transmiss\u00e3o ser\u00e1 feita por meio do Zoom e pelo Facebook.&nbsp;<\/p>\n\n\n\n<p>A oficina\u00a0<em>online\u00a0<\/em>sobre Pol\u00edticas Lingu\u00edsticas para a Internacionaliza\u00e7\u00e3o est\u00e1 agendada para o dia 25 e sobre Estrutura\u00e7\u00e3o de Internacionaliza\u00e7\u00e3o de Pol\u00edticas Lingu\u00edsticas, para o dia 11 de mar\u00e7o. As informa\u00e7\u00f5es est\u00e3o dispon\u00edveis no\u00a0<em>site<\/em>\u00a0do conselho brit\u00e2nico\u00a0. As inscri\u00e7\u00f5es devem ser feitas no mesmo endere\u00e7o.\u00a0<\/p>\n\n\n\n<p>De acordo com dados da Coordena\u00e7\u00e3o de Aperfei\u00e7oamento de Pessoal de N\u00edvel Superior (Capes), de 2017, 225 de 230 institui\u00e7\u00f5es de ensino que participaram da pesquisa alegam ser pouco ou nada internacionalizadas. Al\u00e9m disso, pesquisas realizadas pelo Programa Idiomas sem Fronteiras demonstraram que apenas 3% dos acad\u00eamicos e pesquisadores de universidades brasileiras com p\u00f3s-gradua\u00e7\u00e3o possuem o n\u00edvel C1, avan\u00e7ado, de ingl\u00eas.<\/p>\n\n\n\n<p><em>Fonte: Ag\u00eancia Brasil<\/em><\/p>\n","protected":false},"excerpt":{"rendered":"<p>O British Council, em parceria com o Minist\u00e9rio da Educa\u00e7\u00e3o (MEC) e o Conselho Nacional das Funda\u00e7\u00f5es Estaduais de Amparo \u00e0 Pesquisa (Confap), lan\u00e7a, este m\u00eas, o edital Internacionaliza\u00e7\u00e3o e Pol\u00edticas Lingu\u00edsticas para promover a capacita\u00e7\u00e3o de institui\u00e7\u00f5es de ensino superior p\u00fablicas e privadas em programas que visam \u00e0 coopera\u00e7\u00e3o internacional. O investimento previsto \u00e9 &hellip;<\/p>\n","protected":false},"author":2,"featured_media":32597,"comment_status":"open","ping_status":"open","sticky":false,"template":"","format":"standard","meta":{"om_disable_all_campaigns":false,"_monsterinsights_skip_tracking":false,"_monsterinsights_sitenote_active":false,"_monsterinsights_sitenote_note":"","_monsterinsights_sitenote_category":0,"footnotes":""},"categories":[34,70,20,69],"tags":[93,4209,1437,1436,1685],"class_list":["post-32595","post","type-post","status-publish","format-standard","has-post-thumbnail","hentry","category-brasil","category-destaques","category-educacao","category-noticias2","tag-brasil","tag-internacionalizacao","tag-mec","tag-ministerio-da-educacao","tag-universidade"],"aioseo_notices":[],"_links":{"self":[{"href":"https:\/\/www.portalalerta.com.br\/index.php\/wp-json\/wp\/v2\/posts\/32595","targetHints":{"allow":["GET"]}}],"collection":[{"href":"https:\/\/www.portalalerta.com.br\/index.php\/wp-json\/wp\/v2\/posts"}],"about":[{"href":"https:\/\/www.portalalerta.com.br\/index.php\/wp-json\/wp\/v2\/types\/post"}],"author":[{"embeddable":true,"href":"https:\/\/www.portalalerta.com.br\/index.php\/wp-json\/wp\/v2\/users\/2"}],"replies":[{"embeddable":true,"href":"https:\/\/www.portalalerta.com.br\/index.php\/wp-json\/wp\/v2\/comments?post=32595"}],"version-history":[{"count":1,"href":"https:\/\/www.portalalerta.com.br\/index.php\/wp-json\/wp\/v2\/posts\/32595\/revisions"}],"predecessor-version":[{"id":32598,"href":"https:\/\/www.portalalerta.com.br\/index.php\/wp-json\/wp\/v2\/posts\/32595\/revisions\/32598"}],"wp:featuredmedia":[{"embeddable":true,"href":"https:\/\/www.portalalerta.com.br\/index.php\/wp-json\/wp\/v2\/media\/32597"}],"wp:attachment":[{"href":"https:\/\/www.portalalerta.com.br\/index.php\/wp-json\/wp\/v2\/media?parent=32595"}],"wp:term":[{"taxonomy":"category","embeddable":true,"href":"https:\/\/www.portalalerta.com.br\/index.php\/wp-json\/wp\/v2\/categories?post=32595"},{"taxonomy":"post_tag","embeddable":true,"href":"https:\/\/www.portalalerta.com.br\/index.php\/wp-json\/wp\/v2\/tags?post=32595"}],"curies":[{"name":"wp","href":"https:\/\/api.w.org\/{rel}","templated":true}]}}