{"id":32601,"date":"2021-02-05T08:02:00","date_gmt":"2021-02-05T11:02:00","guid":{"rendered":"https:\/\/www.portalalerta.com.br\/?p=32601"},"modified":"2021-02-04T22:48:55","modified_gmt":"2021-02-05T01:48:55","slug":"decisao-cabe-exclusivamente-a-ele-diz-acm-neto-sobre-permanencia-de-maia-no-dem","status":"publish","type":"post","link":"https:\/\/www.portalalerta.com.br\/index.php\/2021\/02\/05\/decisao-cabe-exclusivamente-a-ele-diz-acm-neto-sobre-permanencia-de-maia-no-dem\/","title":{"rendered":"\u2018Decis\u00e3o cabe exclusivamente a ele&#8217;, diz ACM Neto sobre perman\u00eancia de Maia no DEM"},"content":{"rendered":"\n<p>O presidente do DEM, ACM Neto, afirmou nesta quarta-feira (3) que a decis\u00e3o de permanecer no DEM, ou n\u00e3o, cabe \u201cexclusivamente\u201d ao ex-presidente da C\u00e2mara Rodrigo Maia.<\/p>\n\n\n\n<!--more-->\n\n\n\n<div class=\"wp-block-image\"><figure class=\"alignleft size-large is-resized\"><img fetchpriority=\"high\" decoding=\"async\" src=\"https:\/\/www.portalalerta.com.br\/wp-content\/uploads\/2018\/07\/05elab.jpg\" alt=\"\" class=\"wp-image-9394\" width=\"340\" height=\"256\" srcset=\"https:\/\/www.portalalerta.com.br\/wp-content\/uploads\/2018\/07\/05elab.jpg 400w, https:\/\/www.portalalerta.com.br\/wp-content\/uploads\/2018\/07\/05elab-320x240.jpg 320w, https:\/\/www.portalalerta.com.br\/wp-content\/uploads\/2018\/07\/05elab-195x146.jpg 195w, https:\/\/www.portalalerta.com.br\/wp-content\/uploads\/2018\/07\/05elab-50x38.jpg 50w, https:\/\/www.portalalerta.com.br\/wp-content\/uploads\/2018\/07\/05elab-100x75.jpg 100w\" sizes=\"(max-width: 340px) 100vw, 340px\" \/><\/figure><\/div>\n\n\n\n<p>\u201cA decis\u00e3o de ficar ou n\u00e3o no DEM cabe exclusivamente a ele e eu desejo que ele continue no partido, ele tem uma hist\u00f3ria no Democratas, foi l\u00edder da bancada, presidente do partido e acho que ainda tem muito a contribuir na discuss\u00e3o interna do Democratas, na formula\u00e7\u00e3o das estrat\u00e9gia de futuro do partido. Ent\u00e3o, se depender de mim, Rodrigo ficar\u00e1 no partido, agora essa \u00e9 uma decis\u00e3o que cabe exclusivamente a ele\u201d, disse Neto ao programa \u201cEm Foco com Andr\u00e9ia Sadi\u201d, na Globonews.<\/p>\n\n\n\n<p>Nos bastidores, Maia atribui ao DEM o principal golpe na reta final da disputa pela C\u00e2mara e cogita deixar o partido. ACM Neto recha\u00e7a a ideia de que o partido tenha sido respons\u00e1vel pela derrota do bloco de Baleia Rossi \u2014 candidato de Maia.<\/p>\n\n\n\n<p><em>Fonte: Metro1<\/em><\/p>\n","protected":false},"excerpt":{"rendered":"<p>O presidente do DEM, ACM Neto, afirmou nesta quarta-feira (3) que a decis\u00e3o de permanecer no DEM, ou n\u00e3o, cabe \u201cexclusivamente\u201d ao ex-presidente da C\u00e2mara Rodrigo Maia.<\/p>\n","protected":false},"author":2,"featured_media":32425,"comment_status":"open","ping_status":"open","sticky":false,"template":"","format":"standard","meta":{"om_disable_all_campaigns":false,"_monsterinsights_skip_tracking":false,"_monsterinsights_sitenote_active":false,"_monsterinsights_sitenote_note":"","_monsterinsights_sitenote_category":0,"footnotes":""},"categories":[33,34,70,69,21],"tags":[722,1556,189],"class_list":["post-32601","post","type-post","status-publish","format-standard","has-post-thumbnail","hentry","category-bahia","category-brasil","category-destaques","category-noticias2","category-politica","tag-acm-neto","tag-dem","tag-rodrigo-maia"],"aioseo_notices":[],"_links":{"self":[{"href":"https:\/\/www.portalalerta.com.br\/index.php\/wp-json\/wp\/v2\/posts\/32601","targetHints":{"allow":["GET"]}}],"collection":[{"href":"https:\/\/www.portalalerta.com.br\/index.php\/wp-json\/wp\/v2\/posts"}],"about":[{"href":"https:\/\/www.portalalerta.com.br\/index.php\/wp-json\/wp\/v2\/types\/post"}],"author":[{"embeddable":true,"href":"https:\/\/www.portalalerta.com.br\/index.php\/wp-json\/wp\/v2\/users\/2"}],"replies":[{"embeddable":true,"href":"https:\/\/www.portalalerta.com.br\/index.php\/wp-json\/wp\/v2\/comments?post=32601"}],"version-history":[{"count":1,"href":"https:\/\/www.portalalerta.com.br\/index.php\/wp-json\/wp\/v2\/posts\/32601\/revisions"}],"predecessor-version":[{"id":32602,"href":"https:\/\/www.portalalerta.com.br\/index.php\/wp-json\/wp\/v2\/posts\/32601\/revisions\/32602"}],"wp:featuredmedia":[{"embeddable":true,"href":"https:\/\/www.portalalerta.com.br\/index.php\/wp-json\/wp\/v2\/media\/32425"}],"wp:attachment":[{"href":"https:\/\/www.portalalerta.com.br\/index.php\/wp-json\/wp\/v2\/media?parent=32601"}],"wp:term":[{"taxonomy":"category","embeddable":true,"href":"https:\/\/www.portalalerta.com.br\/index.php\/wp-json\/wp\/v2\/categories?post=32601"},{"taxonomy":"post_tag","embeddable":true,"href":"https:\/\/www.portalalerta.com.br\/index.php\/wp-json\/wp\/v2\/tags?post=32601"}],"curies":[{"name":"wp","href":"https:\/\/api.w.org\/{rel}","templated":true}]}}