{"id":32612,"date":"2021-02-05T13:50:38","date_gmt":"2021-02-05T16:50:38","guid":{"rendered":"https:\/\/www.portalalerta.com.br\/?p=32612"},"modified":"2021-02-05T13:50:40","modified_gmt":"2021-02-05T16:50:40","slug":"acusados-de-cometerem-roubos-sao-presos-em-euclides-da-cunha-ba","status":"publish","type":"post","link":"https:\/\/www.portalalerta.com.br\/index.php\/2021\/02\/05\/acusados-de-cometerem-roubos-sao-presos-em-euclides-da-cunha-ba\/","title":{"rendered":"Acusados de cometerem roubos s\u00e3o presos em Euclides da Cunha-BA"},"content":{"rendered":"\n<p>Policiais civis de Euclides da Cunha-BA prenderam tr\u00eas pessoas acusadas cometerem roubos, no referido munic\u00edpio. Um dos casos foi registrado no \u00faltimo dia 31, na pra\u00e7a da juventude, quando roubaram um aparelho celular da v\u00edtima em quest\u00e3o.<\/p>\n\n\n\n<!--more-->\n\n\n\n<p>De acordo com informa\u00e7\u00f5es, o trio usava de viol\u00eancia, sendo que um dos integrantes aplicava um golpe conhecido como \u201cmata le\u00e3o\u201d, outro amea\u00e7ava a v\u00edtima com um fac\u00e3o, enquanto o terceiro criminoso vigiava a a\u00e7\u00e3o.<\/p>\n\n\n\n<div class=\"wp-block-image\"><figure class=\"aligncenter size-large\"><img fetchpriority=\"high\" decoding=\"async\" width=\"720\" height=\"181\" src=\"https:\/\/www.portalalerta.com.br\/wp-content\/uploads\/2018\/02\/Auto-Escola-Nobre.jpg\" alt=\"\" class=\"wp-image-4869\" srcset=\"https:\/\/www.portalalerta.com.br\/wp-content\/uploads\/2018\/02\/Auto-Escola-Nobre.jpg 720w, https:\/\/www.portalalerta.com.br\/wp-content\/uploads\/2018\/02\/Auto-Escola-Nobre-260x65.jpg 260w, https:\/\/www.portalalerta.com.br\/wp-content\/uploads\/2018\/02\/Auto-Escola-Nobre-50x13.jpg 50w, https:\/\/www.portalalerta.com.br\/wp-content\/uploads\/2018\/02\/Auto-Escola-Nobre-150x38.jpg 150w\" sizes=\"(max-width: 720px) 100vw, 720px\" \/><\/figure><\/div>\n\n\n\n<p>Ap\u00f3s tomarem conhecimento do caso, policiais civis passaram a investigar a autoria do crime, e na tarde da \u00faltima ter\u00e7a-feira, 02 chegaram at\u00e9 os autores, sendo eles: N.C.D.S (Cachacinha), 22 anos; F.D.S.M (Neg\u00e3o), 19 anos; e W.B.D.J (Peixe), 19 anos). Dois deles foram encontrados na Rua da Usina, enquanto o outro no Povoado Barra do Tanque II. Ainda de acordo com a Pol\u00edcia Civil, uma quarta pessoa apontada como a respons\u00e1vel pela formata\u00e7\u00e3o do aparelho celular, tamb\u00e9m j\u00e1 foi identificada.<\/p>\n\n\n\n<p>O trio foi conduzido para o Complexo Policial de Euclides da Cunha-BA, onde se encontram custodiados \u00e0 disposi\u00e7\u00e3o da justi\u00e7a local. N\u00e3o foi divulgado se o aparelho celular foi recuperado.<\/p>\n\n\n\n<p><em>Reda\u00e7\u00e3o: Portal Alerta<\/em><\/p>\n\n\n\n<p><strong><em>#fiqueemcasa<\/em><\/strong><\/p>\n\n\n\n<p><strong><em>#usemascaras<\/em><\/strong><\/p>\n","protected":false},"excerpt":{"rendered":"<p>Policiais civis de Euclides da Cunha-BA prenderam tr\u00eas pessoas acusadas cometerem roubos, no referido munic\u00edpio. Um dos casos foi registrado no \u00faltimo dia 31, na pra\u00e7a da juventude, quando roubaram um aparelho celular da v\u00edtima em quest\u00e3o.<\/p>\n","protected":false},"author":2,"featured_media":32613,"comment_status":"open","ping_status":"open","sticky":false,"template":"","format":"standard","meta":{"om_disable_all_campaigns":false,"_monsterinsights_skip_tracking":false,"_monsterinsights_sitenote_active":false,"_monsterinsights_sitenote_note":"","_monsterinsights_sitenote_category":0,"footnotes":""},"categories":[70,17,69,32,22],"tags":[1052,246,122,110,1569],"class_list":["post-32612","post","type-post","status-publish","format-standard","has-post-thumbnail","hentry","category-destaques","category-euclides-da-cunha","category-noticias2","category-regiao","category-seguranca","tag-assaltantes-presos","tag-ladroes","tag-policia-civil","tag-presos","tag-roubos"],"aioseo_notices":[],"_links":{"self":[{"href":"https:\/\/www.portalalerta.com.br\/index.php\/wp-json\/wp\/v2\/posts\/32612","targetHints":{"allow":["GET"]}}],"collection":[{"href":"https:\/\/www.portalalerta.com.br\/index.php\/wp-json\/wp\/v2\/posts"}],"about":[{"href":"https:\/\/www.portalalerta.com.br\/index.php\/wp-json\/wp\/v2\/types\/post"}],"author":[{"embeddable":true,"href":"https:\/\/www.portalalerta.com.br\/index.php\/wp-json\/wp\/v2\/users\/2"}],"replies":[{"embeddable":true,"href":"https:\/\/www.portalalerta.com.br\/index.php\/wp-json\/wp\/v2\/comments?post=32612"}],"version-history":[{"count":1,"href":"https:\/\/www.portalalerta.com.br\/index.php\/wp-json\/wp\/v2\/posts\/32612\/revisions"}],"predecessor-version":[{"id":32614,"href":"https:\/\/www.portalalerta.com.br\/index.php\/wp-json\/wp\/v2\/posts\/32612\/revisions\/32614"}],"wp:featuredmedia":[{"embeddable":true,"href":"https:\/\/www.portalalerta.com.br\/index.php\/wp-json\/wp\/v2\/media\/32613"}],"wp:attachment":[{"href":"https:\/\/www.portalalerta.com.br\/index.php\/wp-json\/wp\/v2\/media?parent=32612"}],"wp:term":[{"taxonomy":"category","embeddable":true,"href":"https:\/\/www.portalalerta.com.br\/index.php\/wp-json\/wp\/v2\/categories?post=32612"},{"taxonomy":"post_tag","embeddable":true,"href":"https:\/\/www.portalalerta.com.br\/index.php\/wp-json\/wp\/v2\/tags?post=32612"}],"curies":[{"name":"wp","href":"https:\/\/api.w.org\/{rel}","templated":true}]}}