{"id":32618,"date":"2021-02-05T14:10:45","date_gmt":"2021-02-05T17:10:45","guid":{"rendered":"https:\/\/www.portalalerta.com.br\/?p=32618"},"modified":"2021-02-05T14:10:46","modified_gmt":"2021-02-05T17:10:46","slug":"dupla-afirma-ter-sido-vitima-de-sequestro-relampago-em-ribeira-do-pombal-ba","status":"publish","type":"post","link":"https:\/\/www.portalalerta.com.br\/index.php\/2021\/02\/05\/dupla-afirma-ter-sido-vitima-de-sequestro-relampago-em-ribeira-do-pombal-ba\/","title":{"rendered":"Dupla afirma ter sido v\u00edtima de sequestro rel\u00e2mpago, em Ribeira do Pombal-BA"},"content":{"rendered":"\n<p>Na noite da \u00faltima quarta-feira, 03, dois rapazes estiveram na Delegacia de Pol\u00edcia Civil de Ribeira do Pombal-BA, onde afirmaram terem sido v\u00edtimas de um sequestro rel\u00e2mpago.<\/p>\n\n\n\n<!--more-->\n\n\n\n<div class=\"wp-block-image\"><figure class=\"aligncenter size-large\"><img decoding=\"async\" src=\"https:\/\/www.portalalerta.com.br\/wp-content\/uploads\/2021\/01\/Moda-Ver\u00e3o-Real-Cal\u00e7ados-2021.jpeg\" alt=\"\" class=\"wp-image-31690\"\/><\/figure><\/div>\n\n\n\n<p>De acordo com as v\u00edtimas, o fato aconteceu no bairro Pombalzinho, quando quatro homens portando arma de fogo, teriam sequestrado a dupla, que s\u00f3 foi libertada ap\u00f3s ter sido subtra\u00eddo da mesma uma quantia de R$ 5.000,00 (cinco mil reais), e dois aparelhos celulares.<\/p>\n\n\n\n<p>O caso dever\u00e1 ser investigado pela Pol\u00edcia Civil local.<\/p>\n\n\n\n<p><em>Reda\u00e7\u00e3o: Portal Alerta<\/em><\/p>\n\n\n\n<p><strong><em>#fiqueemcasa<\/em><\/strong><\/p>\n\n\n\n<p><strong><em>#usemascaras<\/em><\/strong><\/p>\n","protected":false},"excerpt":{"rendered":"<p>Na noite da \u00faltima quarta-feira, 03, dois rapazes estiveram na Delegacia de Pol\u00edcia Civil de Ribeira do Pombal-BA, onde afirmaram terem sido v\u00edtimas de um sequestro rel\u00e2mpago.<\/p>\n","protected":false},"author":2,"featured_media":16842,"comment_status":"open","ping_status":"open","sticky":false,"template":"","format":"standard","meta":{"om_disable_all_campaigns":false,"_monsterinsights_skip_tracking":false,"_monsterinsights_sitenote_active":false,"_monsterinsights_sitenote_note":"","_monsterinsights_sitenote_category":0,"footnotes":""},"categories":[70,69,32,3,22],"tags":[367,136,4210],"class_list":["post-32618","post","type-post","status-publish","format-standard","has-post-thumbnail","hentry","category-destaques","category-noticias2","category-regiao","category-ribeira-do-pombal","category-seguranca","tag-roubo","tag-sequestro","tag-sequestro-relampago"],"aioseo_notices":[],"_links":{"self":[{"href":"https:\/\/www.portalalerta.com.br\/index.php\/wp-json\/wp\/v2\/posts\/32618","targetHints":{"allow":["GET"]}}],"collection":[{"href":"https:\/\/www.portalalerta.com.br\/index.php\/wp-json\/wp\/v2\/posts"}],"about":[{"href":"https:\/\/www.portalalerta.com.br\/index.php\/wp-json\/wp\/v2\/types\/post"}],"author":[{"embeddable":true,"href":"https:\/\/www.portalalerta.com.br\/index.php\/wp-json\/wp\/v2\/users\/2"}],"replies":[{"embeddable":true,"href":"https:\/\/www.portalalerta.com.br\/index.php\/wp-json\/wp\/v2\/comments?post=32618"}],"version-history":[{"count":1,"href":"https:\/\/www.portalalerta.com.br\/index.php\/wp-json\/wp\/v2\/posts\/32618\/revisions"}],"predecessor-version":[{"id":32619,"href":"https:\/\/www.portalalerta.com.br\/index.php\/wp-json\/wp\/v2\/posts\/32618\/revisions\/32619"}],"wp:featuredmedia":[{"embeddable":true,"href":"https:\/\/www.portalalerta.com.br\/index.php\/wp-json\/wp\/v2\/media\/16842"}],"wp:attachment":[{"href":"https:\/\/www.portalalerta.com.br\/index.php\/wp-json\/wp\/v2\/media?parent=32618"}],"wp:term":[{"taxonomy":"category","embeddable":true,"href":"https:\/\/www.portalalerta.com.br\/index.php\/wp-json\/wp\/v2\/categories?post=32618"},{"taxonomy":"post_tag","embeddable":true,"href":"https:\/\/www.portalalerta.com.br\/index.php\/wp-json\/wp\/v2\/tags?post=32618"}],"curies":[{"name":"wp","href":"https:\/\/api.w.org\/{rel}","templated":true}]}}