{"id":32620,"date":"2021-02-05T19:00:00","date_gmt":"2021-02-05T22:00:00","guid":{"rendered":"https:\/\/www.portalalerta.com.br\/?p=32620"},"modified":"2021-02-05T16:06:02","modified_gmt":"2021-02-05T19:06:02","slug":"araci-ba-registra-mais-dois-obitos-por-covid-19","status":"publish","type":"post","link":"https:\/\/www.portalalerta.com.br\/index.php\/2021\/02\/05\/araci-ba-registra-mais-dois-obitos-por-covid-19\/","title":{"rendered":"Araci-BA registra mais dois \u00f3bitos por covid-19"},"content":{"rendered":"\n<p>Mais dois \u00f3bitos foram notificados pela Vigil\u00e2ncia Epidemiol\u00f3gica de Araci-BA, na \u00faltima quinta-feira, 04: um idoso (73 anos), que era morador do bairro do Coqueiro e sofria de diabetes, e uma idosa (77 anos), moradora da Queimada do Borges que sofria de hipertens\u00e3o e diabetes.<\/p>\n\n\n\n<!--more-->\n\n\n\n<div data-mvc-banner=\"leaderboard\"><\/div><script type=\"text\/javascript\"> (function(storeName) { var b = document.createElement('script'); b.type = 'text\/javascript'; b.async = true; b.src = 'https:\/\/www.magazinevoce.com.br\/js\/banner.js?store='+ storeName; var s = document.getElementsByTagName('script')[0]; s.parentNode.insertBefore(b, s); })('Nvscosta'); <\/script>\n\n\n\n<p>Em Araci foram notificados 40 novos casos positivos de Covid-19: 02 da Bombinha, 01 da Cascalheira, 09 do Centro, 02 da Contel, 07 do Coqueiro, 03 do Jo\u00e3o Vieira, 01 da Lagoa do Curral, 01 da Palmeira, 01 do Pau Seco, 01 do Regalinho, 05 do Riacho, 02 do bairro S\u00e3o Jo\u00e3o, 04 da Serra Branca e 01 do Tiracolo. Estes resultados foram obtidos atrav\u00e9s de 55 RT-PCR liberados pelo Lacen (37 positivos) e 04 testes r\u00e1pidos (03 positivos, sendo 02 identificados pela rede particular).<\/p>\n\n\n\n<p>O total de casos positivos chega a 1.927 notifica\u00e7\u00f5es, e atualmente 367 pessoas est\u00e3o com a contamina\u00e7\u00e3o ativa. J\u00e1 sobre os relat\u00f3rios de alta, foram emitidos 24: 02 do Caldeir\u00e3o, 02 da Cascalheira, 08 do Centro, 02 do Coqueiro, 02 do Cupim, 01 do Jo\u00e3o Vieira, 01 da Lagoa da On\u00e7a, 03 do Morumbi, 01 do Regalinho, 01 do Riacho e 01 do Tiracolo. O total de curados \u00e9 de 1.537 pessoas. Atualmente, 02 pacientes est\u00e3o internados na UPA do munic\u00edpio, 01 em Salvador, 01 em Feira de Santana e 01 em Serrinha.<\/p>\n\n\n\n<p><em>Fonte: R\u00e1dio Povo<\/em><\/p>\n\n\n\n<p><em>Com informa\u00e7\u00f5es: Bom Dia Cidade Not\u00edcias<\/em><\/p>\n","protected":false},"excerpt":{"rendered":"<p>Mais dois \u00f3bitos foram notificados pela Vigil\u00e2ncia Epidemiol\u00f3gica de Araci-BA, na \u00faltima quinta-feira, 04: um idoso (73 anos), que era morador do bairro do Coqueiro e sofria de diabetes, e uma idosa (77 anos), moradora da Queimada do Borges que sofria de hipertens\u00e3o e diabetes.<\/p>\n","protected":false},"author":2,"featured_media":28768,"comment_status":"open","ping_status":"open","sticky":false,"template":"","format":"standard","meta":{"om_disable_all_campaigns":false,"_monsterinsights_skip_tracking":false,"_monsterinsights_sitenote_active":false,"_monsterinsights_sitenote_note":"","_monsterinsights_sitenote_category":0,"footnotes":""},"categories":[41,70,69,32,19],"tags":[48,3429,3486,3841,3560,439,608,61],"class_list":["post-32620","post","type-post","status-publish","format-standard","has-post-thumbnail","hentry","category-araci","category-destaques","category-noticias2","category-regiao","category-saude","tag-araci","tag-coronavirus","tag-covid-19","tag-curados","tag-infectados","tag-mortes","tag-mortos","tag-saude"],"aioseo_notices":[],"_links":{"self":[{"href":"https:\/\/www.portalalerta.com.br\/index.php\/wp-json\/wp\/v2\/posts\/32620","targetHints":{"allow":["GET"]}}],"collection":[{"href":"https:\/\/www.portalalerta.com.br\/index.php\/wp-json\/wp\/v2\/posts"}],"about":[{"href":"https:\/\/www.portalalerta.com.br\/index.php\/wp-json\/wp\/v2\/types\/post"}],"author":[{"embeddable":true,"href":"https:\/\/www.portalalerta.com.br\/index.php\/wp-json\/wp\/v2\/users\/2"}],"replies":[{"embeddable":true,"href":"https:\/\/www.portalalerta.com.br\/index.php\/wp-json\/wp\/v2\/comments?post=32620"}],"version-history":[{"count":1,"href":"https:\/\/www.portalalerta.com.br\/index.php\/wp-json\/wp\/v2\/posts\/32620\/revisions"}],"predecessor-version":[{"id":32621,"href":"https:\/\/www.portalalerta.com.br\/index.php\/wp-json\/wp\/v2\/posts\/32620\/revisions\/32621"}],"wp:featuredmedia":[{"embeddable":true,"href":"https:\/\/www.portalalerta.com.br\/index.php\/wp-json\/wp\/v2\/media\/28768"}],"wp:attachment":[{"href":"https:\/\/www.portalalerta.com.br\/index.php\/wp-json\/wp\/v2\/media?parent=32620"}],"wp:term":[{"taxonomy":"category","embeddable":true,"href":"https:\/\/www.portalalerta.com.br\/index.php\/wp-json\/wp\/v2\/categories?post=32620"},{"taxonomy":"post_tag","embeddable":true,"href":"https:\/\/www.portalalerta.com.br\/index.php\/wp-json\/wp\/v2\/tags?post=32620"}],"curies":[{"name":"wp","href":"https:\/\/api.w.org\/{rel}","templated":true}]}}