{"id":32622,"date":"2021-02-05T19:01:00","date_gmt":"2021-02-05T22:01:00","guid":{"rendered":"https:\/\/www.portalalerta.com.br\/?p=32622"},"modified":"2021-02-05T16:16:25","modified_gmt":"2021-02-05T19:16:25","slug":"defender-fb-no-caso-alerj-supostos-relatorios-da-abin-sao-divulgados","status":"publish","type":"post","link":"https:\/\/www.portalalerta.com.br\/index.php\/2021\/02\/05\/defender-fb-no-caso-alerj-supostos-relatorios-da-abin-sao-divulgados\/","title":{"rendered":"&#8216;Defender FB no caso ALERJ&#8217;: supostos relat\u00f3rios da Abin s\u00e3o divulgados"},"content":{"rendered":"\n<p>Os relat\u00f3rios de intelig\u00eancia que supostamente orientaram a defesa de Fl\u00e1vio Bolsonaro no caso Queiroz para conseguir provas e anular a investiga\u00e7\u00e3o foram enviados pelo WhatsApp ao senador pelo diretor da Ag\u00eancia Brasileira de Intelig\u00eancia (Abin), Alexandre Ramagem, segundo a advogada do filho do presidente, Luciana Pires. A informa\u00e7\u00e3o foi obtida pela coluna de Guilherme Amado, do portal \u00c9poca.<\/p>\n\n\n\n<!--more-->\n\n\n\n<div class=\"wp-block-image\"><figure class=\"alignleft size-large is-resized\"><img fetchpriority=\"high\" decoding=\"async\" src=\"https:\/\/www.portalalerta.com.br\/wp-content\/uploads\/2018\/07\/05elab.jpg\" alt=\"\" class=\"wp-image-9394\" width=\"306\" height=\"229\" srcset=\"https:\/\/www.portalalerta.com.br\/wp-content\/uploads\/2018\/07\/05elab.jpg 400w, https:\/\/www.portalalerta.com.br\/wp-content\/uploads\/2018\/07\/05elab-320x240.jpg 320w, https:\/\/www.portalalerta.com.br\/wp-content\/uploads\/2018\/07\/05elab-195x146.jpg 195w, https:\/\/www.portalalerta.com.br\/wp-content\/uploads\/2018\/07\/05elab-50x38.jpg 50w, https:\/\/www.portalalerta.com.br\/wp-content\/uploads\/2018\/07\/05elab-100x75.jpg 100w\" sizes=\"(max-width: 306px) 100vw, 306px\" \/><\/figure><\/div>\n\n\n\n<p>O chefe da Abin e o ministro do Gabinete de Seguran\u00e7a Institucional afirmaram, por\u00e9m, que n\u00e3o t\u00eam rela\u00e7\u00e3o com o documento.<\/p>\n\n\n\n<p>O conte\u00fado das mensagens, sem indica\u00e7\u00e3o espec\u00edfica da fonte, publicado pela reportagem, mostra que no dia 20 de setembro uma foi enviada com o t\u00edtulo \u201cA1 \u2013 sobre o FB \/ SITUAC\u00c3O RECEITA FEDERAL \u2014 PROPOSTA l a\u00e7\u00e3o\u201d dizia que a defesa de Fl\u00e1vio errou ao solicitar as provas via Receita e orientou a inclus\u00e3o no &#8220;pedido original&#8221; dos CPFs e CNPJs correlatos.<\/p>\n\n\n\n<p>Outra mensagem, no dia 8 de outubro, foi intitulada de \u201cAPURA\u00c7\u00c3O ESPECIAL SERPRO x RECEITA FEDERAL \u2014 ACOMPANHAMENTO\u201d e foi escrita com a finalidade de \u201cdefender FB no caso ALERJ demonstrando a nulidade processual resultante de acessos imotivados aos dados fiscais de FB\u201d. Nela, h\u00e1 a recomenda\u00e7\u00e3o da demiss\u00e3o dos servidores da Receita e de que os minist\u00e9rios sejam convocados para conseguir os documentos buscados.<\/p>\n\n\n\n<p><em>Fonte: Metro1<\/em><\/p>\n","protected":false},"excerpt":{"rendered":"<p>Os relat\u00f3rios de intelig\u00eancia que supostamente orientaram a defesa de Fl\u00e1vio Bolsonaro no caso Queiroz para conseguir provas e anular a investiga\u00e7\u00e3o foram enviados pelo WhatsApp ao senador pelo diretor da Ag\u00eancia Brasileira de Intelig\u00eancia (Abin), Alexandre Ramagem, segundo a advogada do filho do presidente, Luciana Pires. A informa\u00e7\u00e3o foi obtida pela coluna de Guilherme &hellip;<\/p>\n","protected":false},"author":2,"featured_media":20543,"comment_status":"open","ping_status":"open","sticky":false,"template":"","format":"standard","meta":{"om_disable_all_campaigns":false,"_monsterinsights_skip_tracking":false,"_monsterinsights_sitenote_active":false,"_monsterinsights_sitenote_note":"","_monsterinsights_sitenote_category":0,"footnotes":""},"categories":[34,70,69,21],"tags":[416,93,1976,199],"class_list":["post-32622","post","type-post","status-publish","format-standard","has-post-thumbnail","hentry","category-brasil","category-destaques","category-noticias2","category-politica","tag-abin","tag-brasil","tag-flavio-bolsonaro","tag-politica"],"aioseo_notices":[],"_links":{"self":[{"href":"https:\/\/www.portalalerta.com.br\/index.php\/wp-json\/wp\/v2\/posts\/32622","targetHints":{"allow":["GET"]}}],"collection":[{"href":"https:\/\/www.portalalerta.com.br\/index.php\/wp-json\/wp\/v2\/posts"}],"about":[{"href":"https:\/\/www.portalalerta.com.br\/index.php\/wp-json\/wp\/v2\/types\/post"}],"author":[{"embeddable":true,"href":"https:\/\/www.portalalerta.com.br\/index.php\/wp-json\/wp\/v2\/users\/2"}],"replies":[{"embeddable":true,"href":"https:\/\/www.portalalerta.com.br\/index.php\/wp-json\/wp\/v2\/comments?post=32622"}],"version-history":[{"count":1,"href":"https:\/\/www.portalalerta.com.br\/index.php\/wp-json\/wp\/v2\/posts\/32622\/revisions"}],"predecessor-version":[{"id":32623,"href":"https:\/\/www.portalalerta.com.br\/index.php\/wp-json\/wp\/v2\/posts\/32622\/revisions\/32623"}],"wp:featuredmedia":[{"embeddable":true,"href":"https:\/\/www.portalalerta.com.br\/index.php\/wp-json\/wp\/v2\/media\/20543"}],"wp:attachment":[{"href":"https:\/\/www.portalalerta.com.br\/index.php\/wp-json\/wp\/v2\/media?parent=32622"}],"wp:term":[{"taxonomy":"category","embeddable":true,"href":"https:\/\/www.portalalerta.com.br\/index.php\/wp-json\/wp\/v2\/categories?post=32622"},{"taxonomy":"post_tag","embeddable":true,"href":"https:\/\/www.portalalerta.com.br\/index.php\/wp-json\/wp\/v2\/tags?post=32622"}],"curies":[{"name":"wp","href":"https:\/\/api.w.org\/{rel}","templated":true}]}}