{"id":32624,"date":"2021-02-05T19:02:00","date_gmt":"2021-02-05T22:02:00","guid":{"rendered":"https:\/\/www.portalalerta.com.br\/?p=32624"},"modified":"2021-02-05T16:38:46","modified_gmt":"2021-02-05T19:38:46","slug":"acusados-de-homicidio-em-euclides-da-cunha-ba-sao-presos-em-sergipe","status":"publish","type":"post","link":"https:\/\/www.portalalerta.com.br\/index.php\/2021\/02\/05\/acusados-de-homicidio-em-euclides-da-cunha-ba-sao-presos-em-sergipe\/","title":{"rendered":"Acusados de homic\u00eddio em Euclides da Cunha-BA s\u00e3o presos em Sergipe"},"content":{"rendered":"\n<p>Foram presos na \u00faltima quarta-feira, 3, dois homens suspeitos da autoria do assassinato do jovem Lucas, fato ocorrido no in\u00edcio deste ano, em Euclides da Cunha-BA. <\/p>\n\n\n\n<!--more-->\n\n\n\n<p>De acordo com a Pol\u00edcia Civil de Euclides da Cunha, os dois suspeitos foram localizados na cidade de Canind\u00e9 de S\u00e3o Francisco, Estado de Sergipe. Eles j\u00e1 est\u00e3o na Delegacia de Pol\u00edcia Civil de Euclides da Cunha, \u00e0 disposi\u00e7\u00e3o da Justi\u00e7a.<\/p>\n\n\n\n<div class=\"wp-block-image\"><figure class=\"aligncenter size-large\"><img fetchpriority=\"high\" decoding=\"async\" width=\"720\" height=\"181\" src=\"https:\/\/www.portalalerta.com.br\/wp-content\/uploads\/2018\/02\/Auto-Escola-Nobre.jpg\" alt=\"\" class=\"wp-image-4869\" srcset=\"https:\/\/www.portalalerta.com.br\/wp-content\/uploads\/2018\/02\/Auto-Escola-Nobre.jpg 720w, https:\/\/www.portalalerta.com.br\/wp-content\/uploads\/2018\/02\/Auto-Escola-Nobre-260x65.jpg 260w, https:\/\/www.portalalerta.com.br\/wp-content\/uploads\/2018\/02\/Auto-Escola-Nobre-50x13.jpg 50w, https:\/\/www.portalalerta.com.br\/wp-content\/uploads\/2018\/02\/Auto-Escola-Nobre-150x38.jpg 150w\" sizes=\"(max-width: 720px) 100vw, 720px\" \/><\/figure><\/div>\n\n\n\n<p>A pris\u00e3o foi feita por policiais civis com apoio da GCM \u2013 Guarda Civil Municipal.<\/p>\n\n\n\n<p>O corpo do jovem Lucas foi encontrado carbonizado \u00e0 beira de uma estrada vicinal, na localidade de Cascalheira, perto do bairro Pau Mi\u00fado. <strong><a href=\"https:\/\/www.portalalerta.com.br\/index.php\/2021\/01\/03\/2021-comeca-com-crime-barbaro-em-euclides-da-cunha-ba\/\">Relembre<\/a><\/strong><\/p>\n\n\n\n<p><em>Fonte: R\u00e1dio Povo<\/em><\/p>\n\n\n\n<p><em>Com informa\u00e7\u00f5es: euclidesdacunha.com<\/em><\/p>\n","protected":false},"excerpt":{"rendered":"<p>Foram presos na \u00faltima quarta-feira, 3, dois homens suspeitos da autoria do assassinato do jovem Lucas, fato ocorrido no in\u00edcio deste ano, em Euclides da Cunha-BA.<\/p>\n","protected":false},"author":2,"featured_media":32625,"comment_status":"open","ping_status":"open","sticky":false,"template":"","format":"standard","meta":{"om_disable_all_campaigns":false,"_monsterinsights_skip_tracking":false,"_monsterinsights_sitenote_active":false,"_monsterinsights_sitenote_note":"","_monsterinsights_sitenote_category":0,"footnotes":""},"categories":[70,17,69,32,22],"tags":[129,258,2157,206,110],"class_list":["post-32624","post","type-post","status-publish","format-standard","has-post-thumbnail","hentry","category-destaques","category-euclides-da-cunha","category-noticias2","category-regiao","category-seguranca","tag-euclides-da-cunha","tag-homicida","tag-homicidas","tag-homicidio","tag-presos"],"aioseo_notices":[],"_links":{"self":[{"href":"https:\/\/www.portalalerta.com.br\/index.php\/wp-json\/wp\/v2\/posts\/32624","targetHints":{"allow":["GET"]}}],"collection":[{"href":"https:\/\/www.portalalerta.com.br\/index.php\/wp-json\/wp\/v2\/posts"}],"about":[{"href":"https:\/\/www.portalalerta.com.br\/index.php\/wp-json\/wp\/v2\/types\/post"}],"author":[{"embeddable":true,"href":"https:\/\/www.portalalerta.com.br\/index.php\/wp-json\/wp\/v2\/users\/2"}],"replies":[{"embeddable":true,"href":"https:\/\/www.portalalerta.com.br\/index.php\/wp-json\/wp\/v2\/comments?post=32624"}],"version-history":[{"count":1,"href":"https:\/\/www.portalalerta.com.br\/index.php\/wp-json\/wp\/v2\/posts\/32624\/revisions"}],"predecessor-version":[{"id":32626,"href":"https:\/\/www.portalalerta.com.br\/index.php\/wp-json\/wp\/v2\/posts\/32624\/revisions\/32626"}],"wp:featuredmedia":[{"embeddable":true,"href":"https:\/\/www.portalalerta.com.br\/index.php\/wp-json\/wp\/v2\/media\/32625"}],"wp:attachment":[{"href":"https:\/\/www.portalalerta.com.br\/index.php\/wp-json\/wp\/v2\/media?parent=32624"}],"wp:term":[{"taxonomy":"category","embeddable":true,"href":"https:\/\/www.portalalerta.com.br\/index.php\/wp-json\/wp\/v2\/categories?post=32624"},{"taxonomy":"post_tag","embeddable":true,"href":"https:\/\/www.portalalerta.com.br\/index.php\/wp-json\/wp\/v2\/tags?post=32624"}],"curies":[{"name":"wp","href":"https:\/\/api.w.org\/{rel}","templated":true}]}}