{"id":32636,"date":"2021-02-06T12:49:45","date_gmt":"2021-02-06T15:49:45","guid":{"rendered":"https:\/\/www.portalalerta.com.br\/?p=32636"},"modified":"2021-02-06T12:49:47","modified_gmt":"2021-02-06T15:49:47","slug":"secretaria-de-meio-ambiente-de-ribeira-do-pombal-ba-faz-balanco-de-inicio-de-ano-intenso","status":"publish","type":"post","link":"https:\/\/www.portalalerta.com.br\/index.php\/2021\/02\/06\/secretaria-de-meio-ambiente-de-ribeira-do-pombal-ba-faz-balanco-de-inicio-de-ano-intenso\/","title":{"rendered":"Secretaria de Meio Ambiente de Ribeira do Pombal-BA faz balan\u00e7o de in\u00edcio de ano intenso"},"content":{"rendered":"\n<p>A Secretaria de Meio Ambiente e Recursos H\u00eddricos registrou n\u00edvel de atividades mais intenso que o habitual nesse in\u00edcio de ano, no m\u00eas de janeiro; al\u00e9m das atribui\u00e7\u00f5es j\u00e1 cotidianas da equipe que cuida de podas de \u00e1rvores na sede e interior do munic\u00edpio e da manuten\u00e7\u00e3o de po\u00e7os artesianos que abastecem as comunidades nas \u00e1reas rurais, os diversos focos de inc\u00eandio nas terras rurais.<\/p>\n\n\n\n<!--more-->\n\n\n\n<p>A expectativa da Secretaria \u00e9 que a partir de fevereiro ou mar\u00e7o, quando as temperaturas se amenizam, tanto as queimadas, quanto a sobrecarga nos po\u00e7os artesianos diminuem e seja poss\u00edvel focar em outras a\u00e7\u00f5es, tamb\u00e9m essenciais \u00e0 popula\u00e7\u00e3o. O Prefeito Eriksson comentou sobre os dados e falou da import\u00e2ncia me ampliar constantemente os investimentos na pasta do Meio Ambiente.<br>Alguns destaques entre as principais a\u00e7\u00f5es desenvolvidas pela secretaria no per\u00edodo:<\/p>\n\n\n\n<div class=\"wp-block-image\"><figure class=\"aligncenter size-large\"><img fetchpriority=\"high\" decoding=\"async\" width=\"720\" height=\"181\" src=\"https:\/\/www.portalalerta.com.br\/wp-content\/uploads\/2018\/02\/Auto-Escola-Nobre.jpg\" alt=\"\" class=\"wp-image-4869\" srcset=\"https:\/\/www.portalalerta.com.br\/wp-content\/uploads\/2018\/02\/Auto-Escola-Nobre.jpg 720w, https:\/\/www.portalalerta.com.br\/wp-content\/uploads\/2018\/02\/Auto-Escola-Nobre-260x65.jpg 260w, https:\/\/www.portalalerta.com.br\/wp-content\/uploads\/2018\/02\/Auto-Escola-Nobre-50x13.jpg 50w, https:\/\/www.portalalerta.com.br\/wp-content\/uploads\/2018\/02\/Auto-Escola-Nobre-150x38.jpg 150w\" sizes=\"(max-width: 720px) 100vw, 720px\" \/><\/figure><\/div>\n\n\n\n<p><br><strong>A\u00c7\u00d5ES DE PODAS:<\/strong><br>Povoados Tapera, Curral Falso, Nova Esperan\u00e7a<br>Bairros Pombalzinho, Cabur\u00e9, Vila Brasil<br>Pra\u00e7as da Juventude, da B\u00edblia, Zona Sul<br>Ruas Dois de Julho, Pedro Costa, Paran\u00e1, Pe. Epif\u00e2nio Borges<\/p>\n\n\n\n<p><br><strong>A\u00c7OES SOBRE RECURSOS H\u00cdDRICOS<\/strong><br>Povoados da Boca da Mata,<br>Fazendas Aracaju, Espinheiro, Queimadinha, Alexandrino, Pedrinhas, Macambira, Humildade, Baixa do Boi, Baixa da Berlenga, Est\u00e1dio Ferreir\u00e3o e na Pra\u00e7a da Juventude.<\/p>\n\n\n\n<p><br><strong>A\u00c7\u00d5ES SOBRE FOCOS DE INC\u00caNDIO:<\/strong><br>BR 410, Pombalzinho, Bairro Cabur\u00e9, Imedia\u00e7\u00f5es da subesta\u00e7\u00e3o, Imedia\u00e7\u00f5es da AABB<\/p>\n\n\n\n<p><br><strong>OUTRAS A\u00c7\u00d5ES<\/strong><br>. Apreens\u00e3o de uma serpente Jib\u00f3ia e translado para o IBAMA em Salvador;<br>. Apreens\u00e3o madeira ilegal, Sabi\u00e1<\/p>\n\n\n\n<p><em>Fonte: SECOM\/ Ribeira do Pombal<\/em><\/p>\n","protected":false},"excerpt":{"rendered":"<p>A Secretaria de Meio Ambiente e Recursos H\u00eddricos registrou n\u00edvel de atividades mais intenso que o habitual nesse in\u00edcio de ano, no m\u00eas de janeiro; al\u00e9m das atribui\u00e7\u00f5es j\u00e1 cotidianas da equipe que cuida de podas de \u00e1rvores na sede e interior do munic\u00edpio e da manuten\u00e7\u00e3o de po\u00e7os artesianos que abastecem as comunidades nas &hellip;<\/p>\n","protected":false},"author":2,"featured_media":32637,"comment_status":"open","ping_status":"open","sticky":false,"template":"","format":"standard","meta":{"om_disable_all_campaigns":false,"_monsterinsights_skip_tracking":false,"_monsterinsights_sitenote_active":false,"_monsterinsights_sitenote_note":"","_monsterinsights_sitenote_category":0,"footnotes":""},"categories":[70,69,32,3],"tags":[47,602],"class_list":["post-32636","post","type-post","status-publish","format-standard","has-post-thumbnail","hentry","category-destaques","category-noticias2","category-regiao","category-ribeira-do-pombal","tag-ribeira-do-pombal","tag-secretaria-do-meio-ambiente-e-recursos-hidricos"],"aioseo_notices":[],"_links":{"self":[{"href":"https:\/\/www.portalalerta.com.br\/index.php\/wp-json\/wp\/v2\/posts\/32636","targetHints":{"allow":["GET"]}}],"collection":[{"href":"https:\/\/www.portalalerta.com.br\/index.php\/wp-json\/wp\/v2\/posts"}],"about":[{"href":"https:\/\/www.portalalerta.com.br\/index.php\/wp-json\/wp\/v2\/types\/post"}],"author":[{"embeddable":true,"href":"https:\/\/www.portalalerta.com.br\/index.php\/wp-json\/wp\/v2\/users\/2"}],"replies":[{"embeddable":true,"href":"https:\/\/www.portalalerta.com.br\/index.php\/wp-json\/wp\/v2\/comments?post=32636"}],"version-history":[{"count":1,"href":"https:\/\/www.portalalerta.com.br\/index.php\/wp-json\/wp\/v2\/posts\/32636\/revisions"}],"predecessor-version":[{"id":32638,"href":"https:\/\/www.portalalerta.com.br\/index.php\/wp-json\/wp\/v2\/posts\/32636\/revisions\/32638"}],"wp:featuredmedia":[{"embeddable":true,"href":"https:\/\/www.portalalerta.com.br\/index.php\/wp-json\/wp\/v2\/media\/32637"}],"wp:attachment":[{"href":"https:\/\/www.portalalerta.com.br\/index.php\/wp-json\/wp\/v2\/media?parent=32636"}],"wp:term":[{"taxonomy":"category","embeddable":true,"href":"https:\/\/www.portalalerta.com.br\/index.php\/wp-json\/wp\/v2\/categories?post=32636"},{"taxonomy":"post_tag","embeddable":true,"href":"https:\/\/www.portalalerta.com.br\/index.php\/wp-json\/wp\/v2\/tags?post=32636"}],"curies":[{"name":"wp","href":"https:\/\/api.w.org\/{rel}","templated":true}]}}