{"id":32639,"date":"2021-02-06T13:07:14","date_gmt":"2021-02-06T16:07:14","guid":{"rendered":"https:\/\/www.portalalerta.com.br\/?p=32639"},"modified":"2021-02-06T13:07:15","modified_gmt":"2021-02-06T16:07:15","slug":"fabricante-da-ivermectina-diz-que-dados-disponiveis-nao-apontam-eficacia-contra-a-covid-19","status":"publish","type":"post","link":"https:\/\/www.portalalerta.com.br\/index.php\/2021\/02\/06\/fabricante-da-ivermectina-diz-que-dados-disponiveis-nao-apontam-eficacia-contra-a-covid-19\/","title":{"rendered":"Fabricante da ivermectina diz que dados dispon\u00edveis n\u00e3o apontam efic\u00e1cia contra a Covid-19"},"content":{"rendered":"\n<p>A farmac\u00eautica Merck, respons\u00e1vel pela fabrica\u00e7\u00e3o da ivermectina, informou em comunicado na quinta-feira (4)&nbsp;<em>(veja abaixo)<\/em>&nbsp;que&nbsp;n\u00e3o h\u00e1 dados dispon\u00edveis que sustentem a efic\u00e1cia&nbsp;do medicamento contra a Covid-19. A ivermectina \u00e9 um verm\u00edfugo usado para promover a elimina\u00e7\u00e3o de v\u00e1rios parasitas do corpo.<\/p>\n\n\n\n<!--more-->\n\n\n\n<p>O medicamento faz parte do chamado &#8220;Kit Covid&#8221;, voltado ao suposto &#8220;tratamento precoce&#8221; da doen\u00e7a. O presidente Jair Bolsonaro\u00a0costuma defender o uso desses rem\u00e9dios, mesmo sem comprova\u00e7\u00e3o de efic\u00e1cia por estudos cient\u00edficos.<\/p>\n\n\n\n<p>A empresa destaca tr\u00eas pontos da an\u00e1lise:<\/p>\n\n\n\n<ul class=\"wp-block-list\"><li>N\u00e3o h\u00e1 base cient\u00edfica para&nbsp;<strong>um potencial efeito terap\u00eautico contra Covid-19<\/strong>&nbsp;em estudos pr\u00e9-cl\u00ednicos;<\/li><li>N\u00e3o h\u00e1 evid\u00eancia significativa para&nbsp;<strong>atividade cl\u00ednica em pacientes com a doen\u00e7a<\/strong>;<\/li><li>E h\u00e1 uma preocupante&nbsp;<strong>aus\u00eancia de dados sobre seguran\u00e7a da subst\u00e2ncia<\/strong>&nbsp;na maioria dos estudos.<\/li><\/ul>\n\n\n\n<p>&#8220;N\u00e3o acreditamos que os dados dispon\u00edveis sustentem a seguran\u00e7a e a efic\u00e1cia da ivermectina\u00a0al\u00e9m das doses e dos grupos indicados nas informa\u00e7\u00f5es de prescri\u00e7\u00e3o aprovadas por ag\u00eancias regulat\u00f3rias&#8221;, diz o comunicado.<\/p>\n\n\n\n<div class=\"wp-block-image\"><figure class=\"aligncenter size-large\"><img decoding=\"async\" src=\"https:\/\/www.portalalerta.com.br\/wp-content\/uploads\/2021\/01\/Moda-Ver\u00e3o-Real-Cal\u00e7ados-2021.jpeg\" alt=\"\" class=\"wp-image-31690\"\/><\/figure><\/div>\n\n\n\n<p>Segundo a Merck, os cientistas&nbsp;seguem examinando cuidadosamente&nbsp;as descobertas de todos os estudos dispon\u00edveis.<\/p>\n\n\n\n<p><strong>No Brasil<\/strong><\/p>\n\n\n\n<p>A ivermectina \u00e9 um dos rem\u00e9dios que fazem\u00a0parte do chamado \u2018Kit Covid\u2019, voltado ao\u00a0suposto \u2018tratamento precoce\u2019 da doen\u00e7a.<\/p>\n\n\n\n<p>Um levantamento feito pelo\u00a0<strong>G1\u00a0<\/strong>apontou que a\u00a0venda do medicamento teve um aumento de 557%\u00a0entre 2019 (antes da pandemia) e 2020 (quando a pandemia come\u00e7ou).<\/p>\n\n\n\n<p>Outros medicamentos sem efic\u00e1cia comprovada contra a Covid-19 tamb\u00e9m tiveram altas expressivas nas vendas em 2020, como a hidroxicloroquina e a nitazoxanida<em>.<\/em><\/p>\n\n\n\n<p>Em janeiro deste ano, o Minist\u00e9rio da Sa\u00fade lan\u00e7ou um\u00a0aplicativo que recomendava o uso da ivermectina, al\u00e9m de outros medicamentos sem efic\u00e1cia comprovada. O aplicativo\u00a0saiu do ar um dia depois.<\/p>\n\n\n\n<p>Em julho do ano passado, a Anvisa j\u00e1 tinha alertado que o\u00a0verm\u00edfugo n\u00e3o tinha comprova\u00e7\u00e3o cient\u00edfica de efic\u00e1cia. Veja o v\u00eddeo abaixo:<\/p>\n\n\n\n<p><strong>Trecho do comunicado da Merck<\/strong><\/p>\n\n\n\n<p><em>A Merck (NYSE: MRK), conhecida como MSD fora dos Estados Unidos e Canad\u00e1, afirma hoje sua posi\u00e7\u00e3o em rela\u00e7\u00e3o ao uso de ivermectina durante a pandemia de Covid-19. Os cientistas da empresa continuam a examinar cuidadosamente as descobertas de todos os estudos dispon\u00edveis e emergentes de ivermectina para o tratamento de Covid-19 para evid\u00eancias de efic\u00e1cia e seguran\u00e7a. \u00c9 importante observar que, at\u00e9 o momento, nossa an\u00e1lise identificou:<\/em><\/p>\n\n\n\n<p><em>&#8211; Nenhuma base cient\u00edfica para um efeito terap\u00eautico potencial contra Covid-19 de estudos pr\u00e9-cl\u00ednicos;<\/em><\/p>\n\n\n\n<p><em>&#8211; Nenhuma evid\u00eancia significativa para atividade cl\u00ednica ou efic\u00e1cia cl\u00ednica em pacientes com doen\u00e7a Covid-19, e;<\/em><\/p>\n\n\n\n<p><em>&#8211; A preocupante falta de dados de seguran\u00e7a na maioria dos estudos.<\/em><\/p>\n\n\n\n<p><em>N\u00e3o acreditamos que os dados dispon\u00edveis suportem a seguran\u00e7a e efic\u00e1cia da ivermectina al\u00e9m das doses e popula\u00e7\u00f5es indicadas nas informa\u00e7\u00f5es de prescri\u00e7\u00e3o aprovadas pela ag\u00eancia reguladora.<\/em><\/p>\n\n\n\n<p><em>Fonte: G1<\/em><\/p>\n","protected":false},"excerpt":{"rendered":"<p>A farmac\u00eautica Merck, respons\u00e1vel pela fabrica\u00e7\u00e3o da ivermectina, informou em comunicado na quinta-feira (4)&nbsp;(veja abaixo)&nbsp;que&nbsp;n\u00e3o h\u00e1 dados dispon\u00edveis que sustentem a efic\u00e1cia&nbsp;do medicamento contra a Covid-19. A ivermectina \u00e9 um verm\u00edfugo usado para promover a elimina\u00e7\u00e3o de v\u00e1rios parasitas do corpo.<\/p>\n","protected":false},"author":2,"featured_media":32640,"comment_status":"open","ping_status":"open","sticky":false,"template":"","format":"standard","meta":{"om_disable_all_campaigns":false,"_monsterinsights_skip_tracking":false,"_monsterinsights_sitenote_active":false,"_monsterinsights_sitenote_note":"","_monsterinsights_sitenote_category":0,"footnotes":""},"categories":[34,70,35,69,19],"tags":[93,3429,3486,3792,339,61],"class_list":["post-32639","post","type-post","status-publish","format-standard","has-post-thumbnail","hentry","category-brasil","category-destaques","category-mundo","category-noticias2","category-saude","tag-brasil","tag-coronavirus","tag-covid-19","tag-ivermectina","tag-mundo","tag-saude"],"aioseo_notices":[],"_links":{"self":[{"href":"https:\/\/www.portalalerta.com.br\/index.php\/wp-json\/wp\/v2\/posts\/32639","targetHints":{"allow":["GET"]}}],"collection":[{"href":"https:\/\/www.portalalerta.com.br\/index.php\/wp-json\/wp\/v2\/posts"}],"about":[{"href":"https:\/\/www.portalalerta.com.br\/index.php\/wp-json\/wp\/v2\/types\/post"}],"author":[{"embeddable":true,"href":"https:\/\/www.portalalerta.com.br\/index.php\/wp-json\/wp\/v2\/users\/2"}],"replies":[{"embeddable":true,"href":"https:\/\/www.portalalerta.com.br\/index.php\/wp-json\/wp\/v2\/comments?post=32639"}],"version-history":[{"count":1,"href":"https:\/\/www.portalalerta.com.br\/index.php\/wp-json\/wp\/v2\/posts\/32639\/revisions"}],"predecessor-version":[{"id":32641,"href":"https:\/\/www.portalalerta.com.br\/index.php\/wp-json\/wp\/v2\/posts\/32639\/revisions\/32641"}],"wp:featuredmedia":[{"embeddable":true,"href":"https:\/\/www.portalalerta.com.br\/index.php\/wp-json\/wp\/v2\/media\/32640"}],"wp:attachment":[{"href":"https:\/\/www.portalalerta.com.br\/index.php\/wp-json\/wp\/v2\/media?parent=32639"}],"wp:term":[{"taxonomy":"category","embeddable":true,"href":"https:\/\/www.portalalerta.com.br\/index.php\/wp-json\/wp\/v2\/categories?post=32639"},{"taxonomy":"post_tag","embeddable":true,"href":"https:\/\/www.portalalerta.com.br\/index.php\/wp-json\/wp\/v2\/tags?post=32639"}],"curies":[{"name":"wp","href":"https:\/\/api.w.org\/{rel}","templated":true}]}}