{"id":32648,"date":"2021-02-06T18:01:00","date_gmt":"2021-02-06T21:01:00","guid":{"rendered":"https:\/\/www.portalalerta.com.br\/?p=32648"},"modified":"2021-02-06T15:26:54","modified_gmt":"2021-02-06T18:26:54","slug":"brasil-ja-contabilizou-mais-de-230-mil-mortes-por-covid-19-desde-o-inicio-da-pandemia","status":"publish","type":"post","link":"https:\/\/www.portalalerta.com.br\/index.php\/2021\/02\/06\/brasil-ja-contabilizou-mais-de-230-mil-mortes-por-covid-19-desde-o-inicio-da-pandemia\/","title":{"rendered":"Brasil j\u00e1 contabilizou mais de 230 mil mortes por Covid-19, desde o in\u00edcio da pandemia"},"content":{"rendered":"\n<p>Na sexta-feira (5), at\u00e9 as 20h, o pa\u00eds registrou&nbsp;1.244 mortes pela Covid-19 nas 24 horas anteriores, chegando ao&nbsp;total de 230.127 \u00f3bitos desde o come\u00e7o da pandemia. Com isso, a m\u00e9dia m\u00f3vel de mortes no Brasil nos \u00faltimos 7 dias foi de&nbsp;1.050.&nbsp;<strong>J\u00e1 s\u00e3o 16 dias com essa m\u00e9dia acima da marca de 1 mil<\/strong>. A varia\u00e7\u00e3o foi de&nbsp;+3%&nbsp;em compara\u00e7\u00e3o \u00e0 m\u00e9dia de 14 dias atr\u00e1s, indicando&nbsp;tend\u00eancia de estabilidade nos \u00f3bitos pela doen\u00e7a.<\/p>\n\n\n\n<!--more-->\n\n\n\n<p>Em casos confirmados, desde o come\u00e7o da pandemia&nbsp;9.449.088 brasileiros j\u00e1 tiveram ou t\u00eam o novo coronav\u00edrus, com&nbsp;51.319 desses confirmados no \u00faltimo dia. A m\u00e9dia m\u00f3vel nos \u00faltimos 7 dias foi de&nbsp;47.087 novos diagn\u00f3sticos por dia. Isso representa uma varia\u00e7\u00e3o de&nbsp;-8%&nbsp;em rela\u00e7\u00e3o aos casos registrados em duas semanas, o que indica&nbsp;tend\u00eancia de estabilidade nos diagn\u00f3sticos.<\/p>\n\n\n\n<p>Oito estados e o Distrito Federal est\u00e3o com alta nas mortes:\u00a0PR, DF, GO, AC, PA, BA, CE, MA e PI.<\/p>\n\n\n\n<div class=\"wp-block-image\"><figure class=\"aligncenter size-large\"><img fetchpriority=\"high\" decoding=\"async\" width=\"720\" height=\"181\" src=\"https:\/\/www.portalalerta.com.br\/wp-content\/uploads\/2018\/02\/Auto-Escola-Nobre.jpg\" alt=\"\" class=\"wp-image-4869\" srcset=\"https:\/\/www.portalalerta.com.br\/wp-content\/uploads\/2018\/02\/Auto-Escola-Nobre.jpg 720w, https:\/\/www.portalalerta.com.br\/wp-content\/uploads\/2018\/02\/Auto-Escola-Nobre-260x65.jpg 260w, https:\/\/www.portalalerta.com.br\/wp-content\/uploads\/2018\/02\/Auto-Escola-Nobre-50x13.jpg 50w, https:\/\/www.portalalerta.com.br\/wp-content\/uploads\/2018\/02\/Auto-Escola-Nobre-150x38.jpg 150w\" sizes=\"(max-width: 720px) 100vw, 720px\" \/><\/figure><\/div>\n\n\n\n<p>As secretarias dos estados do&nbsp;Rio Grande do Norte&nbsp;e de&nbsp;Roraima&nbsp;n\u00e3o divulgaram novos dados at\u00e9 o fechamento do balan\u00e7o do cons\u00f3rcio desta sexta-feira.<\/p>\n\n\n\n<p><strong>Brasil, 5 de fevereiro<\/strong><\/p>\n\n\n\n<ul class=\"wp-block-list\"><li><strong>Total de mortes:<\/strong>&nbsp;230.127<\/li><li><strong>Registro de mortes em 24 horas:<\/strong>&nbsp;1.244<\/li><li><strong>M\u00e9dia de novas mortes nos \u00faltimos 7 dias:<\/strong>&nbsp;1.050 (varia\u00e7\u00e3o em 14 dias: +3%)<\/li><li><strong>Total de casos confirmados:&nbsp;<\/strong>9.449.088<\/li><li><strong>Registro de casos confirmados em 24 horas:&nbsp;<\/strong>51.319<\/li><li><strong>M\u00e9dia de novos casos nos \u00faltimos 7 dias:<\/strong>&nbsp;47.087 por dia (varia\u00e7\u00e3o em 14 dias: -8%)<\/li><\/ul>\n\n\n\n<p><em>(Antes do balan\u00e7o das 20h, o cons\u00f3rcio divulgou um boletim parcial \u00e0s 13h, com 229.097 mortes e 9.406.817 casos confirmados.)<\/em><\/p>\n\n\n\n<p><strong>Estados<\/strong><\/p>\n\n\n\n<ul class=\"wp-block-list\"><li><strong>Subindo (8 estados e Distrito Federal):&nbsp;<\/strong>PR, DF, GO, AC, PA, BA, CE, MA e PI<\/li><li><strong>Em estabilidade (10 estados):&nbsp;<\/strong>ES, MG, RJ, SP, MT, AM, RO, TO, AL, PB<\/li><li><strong>Em queda (6 estados):&nbsp;<\/strong>RS, SC, MS, AP, PE, SE<\/li><li><strong>N\u00e3o divulgaram (2 estados):<\/strong>&nbsp;RR e RN<\/li><\/ul>\n\n\n\n<p>Essa compara\u00e7\u00e3o leva em conta a m\u00e9dia de mortes nos \u00faltimos 7 dias at\u00e9 a publica\u00e7\u00e3o deste balan\u00e7o em rela\u00e7\u00e3o \u00e0 m\u00e9dia registrada duas semanas atr\u00e1s (entenda os crit\u00e9rios usados pelo\u00a0G1\u00a0para analisar as tend\u00eancias da pandemia).<\/p>\n\n\n\n<p>Vale ressaltar que h\u00e1 estados em que o baixo n\u00famero m\u00e9dio de \u00f3bitos pode levar a grandes varia\u00e7\u00f5es percentuais. Os dados de m\u00e9dias m\u00f3veis s\u00e3o, em geral, em n\u00fameros decimais e arredondados para facilitar a apresenta\u00e7\u00e3o dos dados.<\/p>\n\n\n\n<p><strong>Vacina\u00e7\u00e3o<\/strong><\/p>\n\n\n\n<p>Balan\u00e7o da vacina\u00e7\u00e3o contra Covid-19 desta sexta-feira (5)\u00a0aponta que o\u00a0Brasil j\u00e1 aplicou 3.366.706 de doses, segundo dados divulgados at\u00e9 as 20h.\u00a0A segunda dose j\u00e1 foi aplicada em 1.962 pessoas\u00a0no estado de Pernambuco.<\/p>\n\n\n\n<p><em>Fonte: G1<\/em><\/p>\n","protected":false},"excerpt":{"rendered":"<p>Na sexta-feira (5), at\u00e9 as 20h, o pa\u00eds registrou&nbsp;1.244 mortes pela Covid-19 nas 24 horas anteriores, chegando ao&nbsp;total de 230.127 \u00f3bitos desde o come\u00e7o da pandemia. Com isso, a m\u00e9dia m\u00f3vel de mortes no Brasil nos \u00faltimos 7 dias foi de&nbsp;1.050.&nbsp;J\u00e1 s\u00e3o 16 dias com essa m\u00e9dia acima da marca de 1 mil. A varia\u00e7\u00e3o &hellip;<\/p>\n","protected":false},"author":2,"featured_media":23564,"comment_status":"open","ping_status":"open","sticky":false,"template":"","format":"standard","meta":{"om_disable_all_campaigns":false,"_monsterinsights_skip_tracking":false,"_monsterinsights_sitenote_active":false,"_monsterinsights_sitenote_note":"","_monsterinsights_sitenote_category":0,"footnotes":""},"categories":[34,70,69,19],"tags":[93,3429,3486,3841,3724,439,61,371],"class_list":["post-32648","post","type-post","status-publish","format-standard","has-post-thumbnail","hentry","category-brasil","category-destaques","category-noticias2","category-saude","tag-brasil","tag-coronavirus","tag-covid-19","tag-curados","tag-infeccao","tag-mortes","tag-saude","tag-vacinacao"],"aioseo_notices":[],"_links":{"self":[{"href":"https:\/\/www.portalalerta.com.br\/index.php\/wp-json\/wp\/v2\/posts\/32648","targetHints":{"allow":["GET"]}}],"collection":[{"href":"https:\/\/www.portalalerta.com.br\/index.php\/wp-json\/wp\/v2\/posts"}],"about":[{"href":"https:\/\/www.portalalerta.com.br\/index.php\/wp-json\/wp\/v2\/types\/post"}],"author":[{"embeddable":true,"href":"https:\/\/www.portalalerta.com.br\/index.php\/wp-json\/wp\/v2\/users\/2"}],"replies":[{"embeddable":true,"href":"https:\/\/www.portalalerta.com.br\/index.php\/wp-json\/wp\/v2\/comments?post=32648"}],"version-history":[{"count":1,"href":"https:\/\/www.portalalerta.com.br\/index.php\/wp-json\/wp\/v2\/posts\/32648\/revisions"}],"predecessor-version":[{"id":32649,"href":"https:\/\/www.portalalerta.com.br\/index.php\/wp-json\/wp\/v2\/posts\/32648\/revisions\/32649"}],"wp:featuredmedia":[{"embeddable":true,"href":"https:\/\/www.portalalerta.com.br\/index.php\/wp-json\/wp\/v2\/media\/23564"}],"wp:attachment":[{"href":"https:\/\/www.portalalerta.com.br\/index.php\/wp-json\/wp\/v2\/media?parent=32648"}],"wp:term":[{"taxonomy":"category","embeddable":true,"href":"https:\/\/www.portalalerta.com.br\/index.php\/wp-json\/wp\/v2\/categories?post=32648"},{"taxonomy":"post_tag","embeddable":true,"href":"https:\/\/www.portalalerta.com.br\/index.php\/wp-json\/wp\/v2\/tags?post=32648"}],"curies":[{"name":"wp","href":"https:\/\/api.w.org\/{rel}","templated":true}]}}