{"id":32650,"date":"2021-02-06T18:02:00","date_gmt":"2021-02-06T21:02:00","guid":{"rendered":"https:\/\/www.portalalerta.com.br\/?p=32650"},"modified":"2021-02-06T15:31:13","modified_gmt":"2021-02-06T18:31:13","slug":"10-casos-da-variante-de-manaus-sao-identificados-na-bahia","status":"publish","type":"post","link":"https:\/\/www.portalalerta.com.br\/index.php\/2021\/02\/06\/10-casos-da-variante-de-manaus-sao-identificados-na-bahia\/","title":{"rendered":"10 casos da variante de Manaus s\u00e3o identificados na Bahia"},"content":{"rendered":"\n<p>O Laborat\u00f3rio Central de Sa\u00fade P\u00fablica da Bahia (Lacen-BA) identificou dez casos da variante do coronav\u00edrus presente em Manaus. Ao todo, 32 amostras de pessoas que estiveram no Amazonas foram analisadas.&nbsp;<\/p>\n\n\n\n<!--more-->\n\n\n\n<div class=\"wp-block-image\"><figure class=\"aligncenter size-large\"><img decoding=\"async\" src=\"https:\/\/www.portalalerta.com.br\/wp-content\/uploads\/2021\/01\/Moda-Ver\u00e3o-Real-Cal\u00e7ados-2021.jpeg\" alt=\"\" class=\"wp-image-31690\"\/><\/figure><\/div>\n\n\n\n<p>Segundo a dire\u00e7\u00e3o do laborat\u00f3rio geral, das 32 amostras analisadas apenas 10 corresponderam \u00e0 chamada varia\u00e7\u00e3o P.1\u00a0 O potencial de transmiss\u00e3o desta cepa\u00a0 pode ser maior por causa da muta\u00e7\u00e3o N501Y, tamb\u00e9m presente nas variantes identificadas no Reino Unido e na \u00c1frica do Sul.<\/p>\n\n\n\n<p>Os pacientes identificados com a varia\u00e7\u00e3o tem entre 7 e 66 anos. S\u00e3o sete pessoas do sexo masculino e tr\u00eas feminino.<\/p>\n\n\n\n<p><em>Fonte: Metro1<\/em><\/p>\n","protected":false},"excerpt":{"rendered":"<p>O Laborat\u00f3rio Central de Sa\u00fade P\u00fablica da Bahia (Lacen-BA) identificou dez casos da variante do coronav\u00edrus presente em Manaus. Ao todo, 32 amostras de pessoas que estiveram no Amazonas foram analisadas.&nbsp;<\/p>\n","protected":false},"author":2,"featured_media":22081,"comment_status":"open","ping_status":"open","sticky":false,"template":"","format":"standard","meta":{"om_disable_all_campaigns":false,"_monsterinsights_skip_tracking":false,"_monsterinsights_sitenote_active":false,"_monsterinsights_sitenote_note":"","_monsterinsights_sitenote_category":0,"footnotes":""},"categories":[33,34,70,69,19],"tags":[54,93,3429,3486,61,4212],"class_list":["post-32650","post","type-post","status-publish","format-standard","has-post-thumbnail","hentry","category-bahia","category-brasil","category-destaques","category-noticias2","category-saude","tag-bahia","tag-brasil","tag-coronavirus","tag-covid-19","tag-saude","tag-variante"],"aioseo_notices":[],"_links":{"self":[{"href":"https:\/\/www.portalalerta.com.br\/index.php\/wp-json\/wp\/v2\/posts\/32650","targetHints":{"allow":["GET"]}}],"collection":[{"href":"https:\/\/www.portalalerta.com.br\/index.php\/wp-json\/wp\/v2\/posts"}],"about":[{"href":"https:\/\/www.portalalerta.com.br\/index.php\/wp-json\/wp\/v2\/types\/post"}],"author":[{"embeddable":true,"href":"https:\/\/www.portalalerta.com.br\/index.php\/wp-json\/wp\/v2\/users\/2"}],"replies":[{"embeddable":true,"href":"https:\/\/www.portalalerta.com.br\/index.php\/wp-json\/wp\/v2\/comments?post=32650"}],"version-history":[{"count":1,"href":"https:\/\/www.portalalerta.com.br\/index.php\/wp-json\/wp\/v2\/posts\/32650\/revisions"}],"predecessor-version":[{"id":32651,"href":"https:\/\/www.portalalerta.com.br\/index.php\/wp-json\/wp\/v2\/posts\/32650\/revisions\/32651"}],"wp:featuredmedia":[{"embeddable":true,"href":"https:\/\/www.portalalerta.com.br\/index.php\/wp-json\/wp\/v2\/media\/22081"}],"wp:attachment":[{"href":"https:\/\/www.portalalerta.com.br\/index.php\/wp-json\/wp\/v2\/media?parent=32650"}],"wp:term":[{"taxonomy":"category","embeddable":true,"href":"https:\/\/www.portalalerta.com.br\/index.php\/wp-json\/wp\/v2\/categories?post=32650"},{"taxonomy":"post_tag","embeddable":true,"href":"https:\/\/www.portalalerta.com.br\/index.php\/wp-json\/wp\/v2\/tags?post=32650"}],"curies":[{"name":"wp","href":"https:\/\/api.w.org\/{rel}","templated":true}]}}