{"id":32652,"date":"2021-02-06T18:03:00","date_gmt":"2021-02-06T21:03:00","guid":{"rendered":"https:\/\/www.portalalerta.com.br\/?p=32652"},"modified":"2021-02-06T16:16:00","modified_gmt":"2021-02-06T19:16:00","slug":"ribeira-do-amparo-ba-inicia-caminhada-pedagogica","status":"publish","type":"post","link":"https:\/\/www.portalalerta.com.br\/index.php\/2021\/02\/06\/ribeira-do-amparo-ba-inicia-caminhada-pedagogica\/","title":{"rendered":"Ribeira do Amparo-BA inicia Caminhada Pedag\u00f3gica"},"content":{"rendered":"\n<p>O munic\u00edpio de Ribeira do Amparo-BA iniciou nesta sexta-feira, 05, a Caminhada Pedag\u00f3gica 2021, que tem como tema \u201cEDUCAR E SENTIR\u201d.<\/p>\n\n\n\n<!--more-->\n\n\n\n<p>Com uma maneira diferente, onde ser\u00e3o respeitados os protocolos de sa\u00fade, devido a Pandemia da Covid-19 (Coronav\u00edrus), a Caminhada Pedag\u00f3gica atender\u00e1 uma agenda de encontros (presenciais\/ virtuais), com dura\u00e7\u00e3o at\u00e9 o dia 26 do corrente m\u00eas.<\/p>\n\n\n\n<div data-mvc-banner=\"leaderboard\"><\/div><script type=\"text\/javascript\"> (function(storeName) { var b = document.createElement('script'); b.type = 'text\/javascript'; b.async = true; b.src = 'https:\/\/www.magazinevoce.com.br\/js\/banner.js?store='+ storeName; var s = document.getElementsByTagName('script')[0]; s.parentNode.insertBefore(b, s); })('Nvscosta'); <\/script>\n\n\n\n<p>Na sexta-feira, 05, foi o dia do Encontro entre Gestores Escolares, que se reuniram na Escola Agenor Brito. Na ocasi\u00e3o, foi apresentado o Calend\u00e1rio Letivo, bem como o Plano Estrat\u00e9gico de Atendimento para o Ano Letivo 2021. Al\u00e9m de toda discuss\u00e3o t\u00e9cnica e pedag\u00f3gica para a execu\u00e7\u00e3o do trabalho em 2021, o encontro tamb\u00e9m contou com a palestra da colaboradora Iracema das Neves do Instituto Am\u00e9rica, que falou sobre a import\u00e2ncia de sentir o outro com o cora\u00e7\u00e3o no processo do ensinar aprender, enfatizando as rela\u00e7\u00f5es socioemocionais sobre o SENTIR E PENSAR.<\/p>\n\n\n\n<div class=\"wp-block-image\"><figure class=\"aligncenter size-large\"><img fetchpriority=\"high\" decoding=\"async\" width=\"1024\" height=\"498\" src=\"https:\/\/www.portalalerta.com.br\/wp-content\/uploads\/2021\/02\/caminhada-Pedagogica-de-Ribeira-do-Amparo-2021.1-1024x498.jpg\" alt=\"\" class=\"wp-image-32653\" srcset=\"https:\/\/www.portalalerta.com.br\/wp-content\/uploads\/2021\/02\/caminhada-Pedagogica-de-Ribeira-do-Amparo-2021.1-1024x498.jpg 1024w, https:\/\/www.portalalerta.com.br\/wp-content\/uploads\/2021\/02\/caminhada-Pedagogica-de-Ribeira-do-Amparo-2021.1-494x240.jpg 494w, https:\/\/www.portalalerta.com.br\/wp-content\/uploads\/2021\/02\/caminhada-Pedagogica-de-Ribeira-do-Amparo-2021.1-768x373.jpg 768w, https:\/\/www.portalalerta.com.br\/wp-content\/uploads\/2021\/02\/caminhada-Pedagogica-de-Ribeira-do-Amparo-2021.1-260x126.jpg 260w, https:\/\/www.portalalerta.com.br\/wp-content\/uploads\/2021\/02\/caminhada-Pedagogica-de-Ribeira-do-Amparo-2021.1-50x24.jpg 50w, https:\/\/www.portalalerta.com.br\/wp-content\/uploads\/2021\/02\/caminhada-Pedagogica-de-Ribeira-do-Amparo-2021.1-150x73.jpg 150w, https:\/\/www.portalalerta.com.br\/wp-content\/uploads\/2021\/02\/caminhada-Pedagogica-de-Ribeira-do-Amparo-2021.1.jpg 1280w\" sizes=\"(max-width: 1024px) 100vw, 1024px\" \/><figcaption>Encontro entre gestores realizado na Escola Agenor Brito<\/figcaption><\/figure><\/div>\n\n\n\n<p>Nas redes sociais, a Secret\u00e1ria de Educa\u00e7\u00e3o, Lucivan Soares, falou sobre o momento de incertezas, que for\u00e7ou uma reorganiza\u00e7\u00e3o e reinven\u00e7\u00e3o de ideias e a\u00e7\u00f5es: <strong><em>\u201cTemos consci\u00eancia da nossa responsabilidade com a Educa\u00e7\u00e3o do Munic\u00edpio, especialmente nesse momento de incertezas. Foi preciso repensar, reorganizar e reinventar nossas ideias e a\u00e7\u00f5es. Estamos iniciando os encontros pedag\u00f3gicos na busca de educar n\u00e3o somente para o desenvolvimento das intelig\u00eancias e da personalidade, mas sobretudo, para a \u2018escuta do sentimento\u2019 e a abertura do cora\u00e7\u00e3o\u201d<\/em><\/strong>, afirmou.<\/p>\n\n\n\n<p><em>Reda\u00e7\u00e3o: Portal Alerta<\/em><\/p>\n\n\n\n<p><strong><em>#fiqueemcasa<\/em><\/strong><\/p>\n\n\n\n<p><strong><em>#usemascaras<\/em><\/strong><\/p>\n","protected":false},"excerpt":{"rendered":"<p>O munic\u00edpio de Ribeira do Amparo-BA iniciou nesta sexta-feira, 05, a Caminhada Pedag\u00f3gica 2021, que tem como tema \u201cEDUCAR E SENTIR\u201d.<\/p>\n","protected":false},"author":2,"featured_media":32654,"comment_status":"open","ping_status":"open","sticky":false,"template":"","format":"standard","meta":{"om_disable_all_campaigns":false,"_monsterinsights_skip_tracking":false,"_monsterinsights_sitenote_active":false,"_monsterinsights_sitenote_note":"","_monsterinsights_sitenote_category":0,"footnotes":""},"categories":[70,20,69,32,16],"tags":[3615,423,4213,140,88],"class_list":["post-32652","post","type-post","status-publish","format-standard","has-post-thumbnail","hentry","category-destaques","category-educacao","category-noticias2","category-regiao","category-ribeira-do-amparo","tag-3615","tag-ano-letivo","tag-caminhada-pedagogica","tag-educacao","tag-ribeira-do-amparo"],"aioseo_notices":[],"_links":{"self":[{"href":"https:\/\/www.portalalerta.com.br\/index.php\/wp-json\/wp\/v2\/posts\/32652","targetHints":{"allow":["GET"]}}],"collection":[{"href":"https:\/\/www.portalalerta.com.br\/index.php\/wp-json\/wp\/v2\/posts"}],"about":[{"href":"https:\/\/www.portalalerta.com.br\/index.php\/wp-json\/wp\/v2\/types\/post"}],"author":[{"embeddable":true,"href":"https:\/\/www.portalalerta.com.br\/index.php\/wp-json\/wp\/v2\/users\/2"}],"replies":[{"embeddable":true,"href":"https:\/\/www.portalalerta.com.br\/index.php\/wp-json\/wp\/v2\/comments?post=32652"}],"version-history":[{"count":1,"href":"https:\/\/www.portalalerta.com.br\/index.php\/wp-json\/wp\/v2\/posts\/32652\/revisions"}],"predecessor-version":[{"id":32655,"href":"https:\/\/www.portalalerta.com.br\/index.php\/wp-json\/wp\/v2\/posts\/32652\/revisions\/32655"}],"wp:featuredmedia":[{"embeddable":true,"href":"https:\/\/www.portalalerta.com.br\/index.php\/wp-json\/wp\/v2\/media\/32654"}],"wp:attachment":[{"href":"https:\/\/www.portalalerta.com.br\/index.php\/wp-json\/wp\/v2\/media?parent=32652"}],"wp:term":[{"taxonomy":"category","embeddable":true,"href":"https:\/\/www.portalalerta.com.br\/index.php\/wp-json\/wp\/v2\/categories?post=32652"},{"taxonomy":"post_tag","embeddable":true,"href":"https:\/\/www.portalalerta.com.br\/index.php\/wp-json\/wp\/v2\/tags?post=32652"}],"curies":[{"name":"wp","href":"https:\/\/api.w.org\/{rel}","templated":true}]}}