{"id":32658,"date":"2021-02-06T21:01:00","date_gmt":"2021-02-07T00:01:00","guid":{"rendered":"https:\/\/www.portalalerta.com.br\/?p=32658"},"modified":"2021-02-06T18:58:07","modified_gmt":"2021-02-06T21:58:07","slug":"boulos-reage-a-haddad-e-lula-e-diz-que-esquerda-precisa-de-projeto-e-nao-de-nomes","status":"publish","type":"post","link":"https:\/\/www.portalalerta.com.br\/index.php\/2021\/02\/06\/boulos-reage-a-haddad-e-lula-e-diz-que-esquerda-precisa-de-projeto-e-nao-de-nomes\/","title":{"rendered":"Boulos reage a Haddad e Lula e diz que esquerda precisa de projeto, e n\u00e3o de nomes"},"content":{"rendered":"\n<p>A not\u00edcia de que o presidente Luiz In\u00e1cio Lula da Silva (PT) j\u00e1 endossa o nome de Fernando Haddad (PT) para concorrer \u00e0 Presid\u00eancia da Rep\u00fablica em 2022 gerou rea\u00e7\u00e3o de Guilherme Boulos (PSOL), uma das novas e mais promissoras lideran\u00e7as da esquerda no Brasil.<\/p>\n\n\n\n<!--more-->\n\n\n\n<p>&#8220;Todos os partidos t\u00eam o direito de lan\u00e7ar candidato. Mas, com Jair Bolsonaro governando o Brasil, \u00e9 preciso buscar unidade&#8221;, disse ele \u00e0 reportagem. &#8220;E unidade precisa come\u00e7ar por conflu\u00eancia de projeto, e n\u00e3o jogando v\u00e1rios nomes na sala. Se isso for feito, a pulveriza\u00e7\u00e3o fica estabelecida&#8221;, segue.<\/p>\n\n\n\n<div class=\"wp-block-image\"><figure class=\"aligncenter size-large\"><img fetchpriority=\"high\" decoding=\"async\" width=\"720\" height=\"181\" src=\"https:\/\/www.portalalerta.com.br\/wp-content\/uploads\/2018\/02\/Auto-Escola-Nobre.jpg\" alt=\"\" class=\"wp-image-4869\" srcset=\"https:\/\/www.portalalerta.com.br\/wp-content\/uploads\/2018\/02\/Auto-Escola-Nobre.jpg 720w, https:\/\/www.portalalerta.com.br\/wp-content\/uploads\/2018\/02\/Auto-Escola-Nobre-260x65.jpg 260w, https:\/\/www.portalalerta.com.br\/wp-content\/uploads\/2018\/02\/Auto-Escola-Nobre-50x13.jpg 50w, https:\/\/www.portalalerta.com.br\/wp-content\/uploads\/2018\/02\/Auto-Escola-Nobre-150x38.jpg 150w\" sizes=\"(max-width: 720px) 100vw, 720px\" \/><\/figure><\/div>\n\n\n\n<p>&#8220;O nome [do candidato \u00e0 Presid\u00eancia] deve ser o ponto de chegada, e n\u00e3o o ponto de partida&#8221;, diz Boulos.<\/p>\n\n\n\n<p>Boulos diz ainda defender a constru\u00e7\u00e3o de uma mesa em que a esquerda possa &#8220;debater e chegar a pontos comuns. E, a partir da\u00ed, buscar uma metodologia para a escolha de um nome para concorrer \u00e0 Presid\u00eancia da Rep\u00fablica.<\/p>\n\n\n\n<p>Ele se pronunciou tamb\u00e9m no Twitter. Numa mensagem, escreveu: &#8220;Defendo que a esquerda busque unidade para enfrentar Bolsonaro. Para isso, antes de lan\u00e7ar nomes, devemos discutir projeto&#8221;.<\/p>\n\n\n\n<p>Coordenador do MTST (Movimento dos Trabalhadores sem Teto), Boulos foi ao segundo turno na disputa pela Prefeitura de SP, em 2020, enquanto o PT teve desempenho p\u00edfio para as suas dimens\u00f5es. O candidato do PSOL, no primeiro turno, teve 20,2%, dos votos v\u00e1lidos \u0097o candidato do PT, Jilmar Tatto, teve 8,7%.<\/p>\n\n\n\n<p><em>Fonte: Yahoo Not\u00edcias<\/em><\/p>\n","protected":false},"excerpt":{"rendered":"<p>A not\u00edcia de que o presidente Luiz In\u00e1cio Lula da Silva (PT) j\u00e1 endossa o nome de Fernando Haddad (PT) para concorrer \u00e0 Presid\u00eancia da Rep\u00fablica em 2022 gerou rea\u00e7\u00e3o de Guilherme Boulos (PSOL), uma das novas e mais promissoras lideran\u00e7as da esquerda no Brasil.<\/p>\n","protected":false},"author":2,"featured_media":9228,"comment_status":"open","ping_status":"open","sticky":false,"template":"","format":"standard","meta":{"om_disable_all_campaigns":false,"_monsterinsights_skip_tracking":false,"_monsterinsights_sitenote_active":false,"_monsterinsights_sitenote_note":"","_monsterinsights_sitenote_category":0,"footnotes":""},"categories":[34,70,69,21],"tags":[93,3181,405,1387,303,199],"class_list":["post-32658","post","type-post","status-publish","format-standard","has-post-thumbnail","hentry","category-brasil","category-destaques","category-noticias2","category-politica","tag-brasil","tag-eleicoes-2022","tag-fernando-haddad","tag-guilherme-boulos","tag-lula","tag-politica"],"aioseo_notices":[],"_links":{"self":[{"href":"https:\/\/www.portalalerta.com.br\/index.php\/wp-json\/wp\/v2\/posts\/32658","targetHints":{"allow":["GET"]}}],"collection":[{"href":"https:\/\/www.portalalerta.com.br\/index.php\/wp-json\/wp\/v2\/posts"}],"about":[{"href":"https:\/\/www.portalalerta.com.br\/index.php\/wp-json\/wp\/v2\/types\/post"}],"author":[{"embeddable":true,"href":"https:\/\/www.portalalerta.com.br\/index.php\/wp-json\/wp\/v2\/users\/2"}],"replies":[{"embeddable":true,"href":"https:\/\/www.portalalerta.com.br\/index.php\/wp-json\/wp\/v2\/comments?post=32658"}],"version-history":[{"count":1,"href":"https:\/\/www.portalalerta.com.br\/index.php\/wp-json\/wp\/v2\/posts\/32658\/revisions"}],"predecessor-version":[{"id":32659,"href":"https:\/\/www.portalalerta.com.br\/index.php\/wp-json\/wp\/v2\/posts\/32658\/revisions\/32659"}],"wp:featuredmedia":[{"embeddable":true,"href":"https:\/\/www.portalalerta.com.br\/index.php\/wp-json\/wp\/v2\/media\/9228"}],"wp:attachment":[{"href":"https:\/\/www.portalalerta.com.br\/index.php\/wp-json\/wp\/v2\/media?parent=32658"}],"wp:term":[{"taxonomy":"category","embeddable":true,"href":"https:\/\/www.portalalerta.com.br\/index.php\/wp-json\/wp\/v2\/categories?post=32658"},{"taxonomy":"post_tag","embeddable":true,"href":"https:\/\/www.portalalerta.com.br\/index.php\/wp-json\/wp\/v2\/tags?post=32658"}],"curies":[{"name":"wp","href":"https:\/\/api.w.org\/{rel}","templated":true}]}}