{"id":32660,"date":"2021-02-06T21:02:00","date_gmt":"2021-02-07T00:02:00","guid":{"rendered":"https:\/\/www.portalalerta.com.br\/?p=32660"},"modified":"2021-02-06T19:11:19","modified_gmt":"2021-02-06T22:11:19","slug":"justica-determina-retorno-das-aulas-em-todo-o-estado-ate-1o-de-marco","status":"publish","type":"post","link":"https:\/\/www.portalalerta.com.br\/index.php\/2021\/02\/06\/justica-determina-retorno-das-aulas-em-todo-o-estado-ate-1o-de-marco\/","title":{"rendered":"Justi\u00e7a determina retorno das aulas em todo o estado at\u00e9 1\u00ba de mar\u00e7o"},"content":{"rendered":"\n<p>A Justi\u00e7a determinou nesta sexta-feira, 5, o retorno das aulas em todo o estado at\u00e9 o dia 1\u00ba de mar\u00e7o. Em sua decis\u00e3o, a ju\u00edza Juliana de Castro Madeira Campos concedeu um prazo de cinco dias corridos, a partir da intima\u00e7\u00e3o eletr\u00f4nica, para que o governo do Estado apresente os protocolos de preven\u00e7\u00e3o contra a Covid-19 que dever\u00e3o ser seguidos por todas as escolas.<\/p>\n\n\n\n<!--more-->\n\n\n\n<p><br><br>Apresentados os protocolos, prossegue a magistrada, dever\u00e3o as escolas p\u00fablicas e privadas retornar \u00e0s atividades de forma presencial (com revezamento de alunos em sala) ou h\u00edbrida (com parte dos alunos em sala de aula e outra parte em tempo real na internet). &#8220;O Estado da Bahia dever\u00e1 adequar as escolas p\u00fablicas aos protocolos estabelecidos para in\u00edcio das aulas no prazo m\u00e1ximo e improrrog\u00e1vel de 01 de mar\u00e7o de 2021&#8221;, escreveu a ju\u00edza.<br><br>A magistrada ainda derrubou artigo do decreto estadual que suspendeu as atividades letivas nas unidades de ensino, por considerar que o texto viola o princ\u00edpio da razoabilidade. A magistrada julgou a\u00e7\u00e3o apresentada pelo vereador Alexandre Aleluia (DEM).<\/p>\n\n\n\n<div class=\"wp-block-image\"><figure class=\"aligncenter size-large\"><img decoding=\"async\" src=\"https:\/\/www.portalalerta.com.br\/wp-content\/uploads\/2021\/01\/Moda-Ver\u00e3o-Real-Cal\u00e7ados-2021.jpeg\" alt=\"\" class=\"wp-image-31690\"\/><\/figure><\/div>\n\n\n\n<p><br>&#8220;Aguardando o posicionamento do governador. Mas estamos felizes que a Justi\u00e7a tenha tomado essa decis\u00e3o, demonstrando compreender a dif\u00edcil situa\u00e7\u00e3o das escolas e a necessidades dos alunos voltarem ao conv\u00edvio escolar&#8221;, afirmou Wilson Abdon, porta-voz do Grupo de Valoriza\u00e7\u00e3o da Educa\u00e7\u00e3o (GVE), formado por aproximadamente 60 escolas particulares. &#8220;O GVE defende a volta \u00e0s aulas de forma segura, seguindo todos os protocolos e de forma opcional para os pais&#8221;, acrescentou.<br><br>A Secretaria de Educa\u00e7\u00e3o do Estado informou, por meio de nota, que &#8220;n\u00e3o foi notificada at\u00e9 o momento&#8221; sobre a determina\u00e7\u00e3o judicial de volta \u00e0s aulas presenciais. Tamb\u00e9m nesta sexta, o governador Rui Costa esteve reunido com outras autoridades municipais e estaduais para discutir os crit\u00e9rios necess\u00e1rios para a retomada das aulas. No entanto, nenhuma data foi anunciada ao final da reuni\u00e3o.<br><br>Participaram do encontro os secret\u00e1rios estaduais da sa\u00fade, F\u00e1bio Vilas Boas, e da Educa\u00e7\u00e3o, Jer\u00f4nimo Rodrigues, o presidente da Uni\u00e3o dos Munic\u00edpios da Bahia (UPB), Eures Ribeiro, o prefeito de Salvador, Bruno Reis, acompanhado dos secret\u00e1rios municipais de Sa\u00fade e de Educa\u00e7\u00e3o, L\u00e9o Prates e Marcelo Oliveira, respectivamente. Prefeitos do interior tamb\u00e9m participaram de forma virtual. \u00a0<br><br>Encerrada a reuni\u00e3o, o governo informou apenas a prorroga\u00e7\u00e3o, at\u00e9 o dia 14 de fevereiro, do decreto que suspende shows e aulas nas unidades de ensino das redes p\u00fablica e privada.<br><br>\u201cAinda estamos vivendo um crescimento que come\u00e7ou no m\u00eas de novembro e o retorno das atividades escolares deve levar em conta as taxas de ocupa\u00e7\u00e3o de leitos e de mortalidade pela covid-19. A Secretaria de Educa\u00e7\u00e3o do Estado, em conjunto com a UPB e as secretarias municipais de educa\u00e7\u00e3o, ir\u00e1 criar um protocolo \u00fanico de educa\u00e7\u00e3o e sa\u00fade para o retorno \u00e0s aulas&#8221;, afirmou o governador.<br><br>Rui disse ainda que solicitou da UPB um levantamento dos profissionais da Educa\u00e7\u00e3o com mais de 55 anos, porque cogita inclu\u00ed-los em um pr\u00f3ximo grupo priorit\u00e1rio para recebimento da vacina contra a Covid-19.<br><br>\u201cO Estado prev\u00ea que, quando as aulas forem retomadas, dividiremos as turmas em 50%. O retorno se dar\u00e1, inicialmente, em um modelo h\u00edbrido e com aulas em dias alternados. No dia em que o jovem ou a crian\u00e7a n\u00e3o estiver na escola, ele teria material pedag\u00f3gico digital e impresso pra utilizar em casa\u201d, acrescentou o chefe do Executivo baiano.<br><br>Est\u00e3o previstas pelo menos mais tr\u00eas reuni\u00f5es para tratar do assunto, a primeira delas na pr\u00f3xima quinta-feira, 11, com todos os prefeitos da Bahia, para defini\u00e7\u00e3o dos protocolos e uma poss\u00edvel data de retomada das aulas. Outro encontro deve ocorrer com a presen\u00e7a de representantes do Minist\u00e9rio P\u00fablico da Bahia (MP-BA), Defensoria P\u00fablica e Tribunal de Justi\u00e7a da Bahia (TJ-BA). Uma \u00faltima reuni\u00e3o dever\u00e1 acontecer com a APLB, sindicato dos professores.<br><br>Na \u00faltima quarta-feira, 3, o prefeito Bruno Reis j\u00e1 havia refor\u00e7ado a sua inten\u00e7\u00e3o de incluir os profissionais da Educa\u00e7\u00e3o entre os grupos priorit\u00e1rios da primeira fase da vacina\u00e7\u00e3o, mas destacou que, para isso, dependia de autoriza\u00e7\u00e3o do Minist\u00e9rio da Sa\u00fade, respons\u00e1vel pela defini\u00e7\u00e3o daqueles aptos ao recebimento do imunizante em cada etapa.<br><br>O secret\u00e1rio de Educa\u00e7\u00e3o da capital, Marcelo Oliveira, anunciou que as aulas remotas, com acompanhamento de professores, ser\u00e3o iniciadas no dia 18 de fevereiro. O prefeito tamb\u00e9m j\u00e1 tinha definido o m\u00eas de mar\u00e7o como prazo para volta \u00e0s aulas de maneira semipresencial na rede municipal de ensino.<\/p>\n\n\n\n<p><em>Fonte: Cleriston Silva<\/em><\/p>\n","protected":false},"excerpt":{"rendered":"<p>A Justi\u00e7a determinou nesta sexta-feira, 5, o retorno das aulas em todo o estado at\u00e9 o dia 1\u00ba de mar\u00e7o. Em sua decis\u00e3o, a ju\u00edza Juliana de Castro Madeira Campos concedeu um prazo de cinco dias corridos, a partir da intima\u00e7\u00e3o eletr\u00f4nica, para que o governo do Estado apresente os protocolos de preven\u00e7\u00e3o contra a &hellip;<\/p>\n","protected":false},"author":2,"featured_media":3358,"comment_status":"open","ping_status":"open","sticky":false,"template":"","format":"standard","meta":{"om_disable_all_campaigns":false,"_monsterinsights_skip_tracking":false,"_monsterinsights_sitenote_active":false,"_monsterinsights_sitenote_note":"","_monsterinsights_sitenote_category":0,"footnotes":""},"categories":[33,70,20,69,19],"tags":[1154,54,140,912,270],"class_list":["post-32660","post","type-post","status-publish","format-standard","has-post-thumbnail","hentry","category-bahia","category-destaques","category-educacao","category-noticias2","category-saude","tag-aulas","tag-bahia","tag-educacao","tag-governo-da-bahia","tag-justica"],"aioseo_notices":[],"_links":{"self":[{"href":"https:\/\/www.portalalerta.com.br\/index.php\/wp-json\/wp\/v2\/posts\/32660","targetHints":{"allow":["GET"]}}],"collection":[{"href":"https:\/\/www.portalalerta.com.br\/index.php\/wp-json\/wp\/v2\/posts"}],"about":[{"href":"https:\/\/www.portalalerta.com.br\/index.php\/wp-json\/wp\/v2\/types\/post"}],"author":[{"embeddable":true,"href":"https:\/\/www.portalalerta.com.br\/index.php\/wp-json\/wp\/v2\/users\/2"}],"replies":[{"embeddable":true,"href":"https:\/\/www.portalalerta.com.br\/index.php\/wp-json\/wp\/v2\/comments?post=32660"}],"version-history":[{"count":1,"href":"https:\/\/www.portalalerta.com.br\/index.php\/wp-json\/wp\/v2\/posts\/32660\/revisions"}],"predecessor-version":[{"id":32661,"href":"https:\/\/www.portalalerta.com.br\/index.php\/wp-json\/wp\/v2\/posts\/32660\/revisions\/32661"}],"wp:featuredmedia":[{"embeddable":true,"href":"https:\/\/www.portalalerta.com.br\/index.php\/wp-json\/wp\/v2\/media\/3358"}],"wp:attachment":[{"href":"https:\/\/www.portalalerta.com.br\/index.php\/wp-json\/wp\/v2\/media?parent=32660"}],"wp:term":[{"taxonomy":"category","embeddable":true,"href":"https:\/\/www.portalalerta.com.br\/index.php\/wp-json\/wp\/v2\/categories?post=32660"},{"taxonomy":"post_tag","embeddable":true,"href":"https:\/\/www.portalalerta.com.br\/index.php\/wp-json\/wp\/v2\/tags?post=32660"}],"curies":[{"name":"wp","href":"https:\/\/api.w.org\/{rel}","templated":true}]}}