{"id":32662,"date":"2021-02-06T21:03:00","date_gmt":"2021-02-07T00:03:00","guid":{"rendered":"https:\/\/www.portalalerta.com.br\/?p=32662"},"modified":"2021-02-06T19:21:54","modified_gmt":"2021-02-06T22:21:54","slug":"criminoso-apontado-como-autor-de-roubo-morre-apos-troca-de-tiros-com-a-policia-entre-araci-e-santaluz","status":"publish","type":"post","link":"https:\/\/www.portalalerta.com.br\/index.php\/2021\/02\/06\/criminoso-apontado-como-autor-de-roubo-morre-apos-troca-de-tiros-com-a-policia-entre-araci-e-santaluz\/","title":{"rendered":"Criminoso apontado como autor de roubo, morre ap\u00f3s troca de tiros com a pol\u00edcia entre Araci e Santaluz"},"content":{"rendered":"\n<p>Um homem ainda n\u00e3o identificado morreu ap\u00f3s um confronto entre a Pol\u00edcia Militar e suspeitos de roubo na \u00faltima quinta-feira (4), nos arredores do povoado V\u00e1rzea da Pedra, divisa dos munic\u00edpios de Santaluz e Araci.<\/p>\n\n\n\n<!--more-->\n\n\n\n<div data-mvc-banner=\"leaderboard\"><\/div><script type=\"text\/javascript\"> (function(storeName) { var b = document.createElement('script'); b.type = 'text\/javascript'; b.async = true; b.src = 'https:\/\/www.magazinevoce.com.br\/js\/banner.js?store='+ storeName; var s = document.getElementsByTagName('script')[0]; s.parentNode.insertBefore(b, s); })('Nvscosta'); <\/script>\n\n\n\n<p>Populares disseram que uma guarni\u00e7\u00e3o foi acionada para averiguar den\u00fancia de tentativa de assalto a motociclistas na regi\u00e3o e quando chegou ao local foi recebida a tiros.<\/p>\n\n\n\n<p>Ainda conforme relatos de populares, houve confronto e um indiv\u00edduo foi baleado. Ele chegou a ser socorrido e levado para o hospital da cidade, mas n\u00e3o resistiu aos ferimentos. Um rev\u00f3lver teria sido encontrado e apreendido durante a a\u00e7\u00e3o.<\/p>\n\n\n\n<p><em>Fonte: A Voz do Campo<\/em><\/p>\n","protected":false},"excerpt":{"rendered":"<p>Um homem ainda n\u00e3o identificado morreu ap\u00f3s um confronto entre a Pol\u00edcia Militar e suspeitos de roubo na \u00faltima quinta-feira (4), nos arredores do povoado V\u00e1rzea da Pedra, divisa dos munic\u00edpios de Santaluz e Araci.<\/p>\n","protected":false},"author":2,"featured_media":31207,"comment_status":"open","ping_status":"open","sticky":false,"template":"","format":"standard","meta":{"om_disable_all_campaigns":false,"_monsterinsights_skip_tracking":false,"_monsterinsights_sitenote_active":false,"_monsterinsights_sitenote_note":"","_monsterinsights_sitenote_category":0,"footnotes":""},"categories":[41,70,69,32,22],"tags":[48,178,169,79,83,367,799],"class_list":["post-32662","post","type-post","status-publish","format-standard","has-post-thumbnail","hentry","category-araci","category-destaques","category-noticias2","category-regiao","category-seguranca","tag-araci","tag-confronto","tag-morte","tag-policia-militar","tag-porte-ilegal-de-arma-de-fogo","tag-roubo","tag-santaluz"],"aioseo_notices":[],"_links":{"self":[{"href":"https:\/\/www.portalalerta.com.br\/index.php\/wp-json\/wp\/v2\/posts\/32662","targetHints":{"allow":["GET"]}}],"collection":[{"href":"https:\/\/www.portalalerta.com.br\/index.php\/wp-json\/wp\/v2\/posts"}],"about":[{"href":"https:\/\/www.portalalerta.com.br\/index.php\/wp-json\/wp\/v2\/types\/post"}],"author":[{"embeddable":true,"href":"https:\/\/www.portalalerta.com.br\/index.php\/wp-json\/wp\/v2\/users\/2"}],"replies":[{"embeddable":true,"href":"https:\/\/www.portalalerta.com.br\/index.php\/wp-json\/wp\/v2\/comments?post=32662"}],"version-history":[{"count":1,"href":"https:\/\/www.portalalerta.com.br\/index.php\/wp-json\/wp\/v2\/posts\/32662\/revisions"}],"predecessor-version":[{"id":32663,"href":"https:\/\/www.portalalerta.com.br\/index.php\/wp-json\/wp\/v2\/posts\/32662\/revisions\/32663"}],"wp:featuredmedia":[{"embeddable":true,"href":"https:\/\/www.portalalerta.com.br\/index.php\/wp-json\/wp\/v2\/media\/31207"}],"wp:attachment":[{"href":"https:\/\/www.portalalerta.com.br\/index.php\/wp-json\/wp\/v2\/media?parent=32662"}],"wp:term":[{"taxonomy":"category","embeddable":true,"href":"https:\/\/www.portalalerta.com.br\/index.php\/wp-json\/wp\/v2\/categories?post=32662"},{"taxonomy":"post_tag","embeddable":true,"href":"https:\/\/www.portalalerta.com.br\/index.php\/wp-json\/wp\/v2\/tags?post=32662"}],"curies":[{"name":"wp","href":"https:\/\/api.w.org\/{rel}","templated":true}]}}