{"id":32670,"date":"2021-02-07T08:01:00","date_gmt":"2021-02-07T11:01:00","guid":{"rendered":"https:\/\/www.portalalerta.com.br\/?p=32670"},"modified":"2021-02-06T20:50:38","modified_gmt":"2021-02-06T23:50:38","slug":"ex-ministro-da-saude-e-fundador-da-anvisa-assinam-pedido-de-impeachment-de-bolsonaro","status":"publish","type":"post","link":"https:\/\/www.portalalerta.com.br\/index.php\/2021\/02\/07\/ex-ministro-da-saude-e-fundador-da-anvisa-assinam-pedido-de-impeachment-de-bolsonaro\/","title":{"rendered":"Ex-ministro da Sa\u00fade e fundador da Anvisa assinam pedido de impeachment de Bolsonaro"},"content":{"rendered":"\n<p>O ex-ministro da Sa\u00fade Jos\u00e9 Gomes Tempor\u00e3o, o sanitarista e fundador da Anvisa (Ag\u00eancia Nacional de Vigil\u00e2ncia Sanit\u00e1ria) e outros cientistas, m\u00e9dicos, enfermeiros e profissionais da sa\u00fade assinam um pedido de impeachment do presidente\u00a0Jair Bolsonaro\u00a0(sem partido) que ser\u00e1 protocolado nesta sexta-feira (5).<\/p>\n\n\n\n<!--more-->\n\n\n\n<p>O documento acusa o chefe do Executivo federal da pr\u00e1tica de crimes de responsabilidade durante o enfrentamento da\u00a0epidemia de Covid-19\u00a0no Brasil. \u00c9 o primeiro pedido de impedimento recebido pelo rec\u00e9m-eleito novo presidente da C\u00e2mara, o deputado Arthur Lira (PP-AL).<\/p>\n\n\n\n<p>A solicita\u00e7\u00e3o aponta quatro elementos principais contra o presidente. Entre elas est\u00e3o a pr\u00e1tica de &#8220;uma campanha dolosa e deliberada contra medidas hoje mundialmente adotadas, de forma consensual, para o enfrentamento da pandemia&#8221; e a dissemina\u00e7\u00e3o &#8220;da ilus\u00e3o de tratamentos precoces&#8221; contra o novo coronav\u00edrus.<\/p>\n\n\n\n<div class=\"wp-block-image\"><figure class=\"aligncenter size-large\"><img fetchpriority=\"high\" decoding=\"async\" width=\"720\" height=\"181\" src=\"https:\/\/www.portalalerta.com.br\/wp-content\/uploads\/2018\/02\/Auto-Escola-Nobre.jpg\" alt=\"\" class=\"wp-image-4869\" srcset=\"https:\/\/www.portalalerta.com.br\/wp-content\/uploads\/2018\/02\/Auto-Escola-Nobre.jpg 720w, https:\/\/www.portalalerta.com.br\/wp-content\/uploads\/2018\/02\/Auto-Escola-Nobre-260x65.jpg 260w, https:\/\/www.portalalerta.com.br\/wp-content\/uploads\/2018\/02\/Auto-Escola-Nobre-50x13.jpg 50w, https:\/\/www.portalalerta.com.br\/wp-content\/uploads\/2018\/02\/Auto-Escola-Nobre-150x38.jpg 150w\" sizes=\"(max-width: 720px) 100vw, 720px\" \/><\/figure><\/div>\n\n\n\n<p>O documento ainda acusa Bolsonaro de boicotar vacinas e interfer\u00eancia direta dele para impedir a compra de imunizantes e a &#8220;omiss\u00e3o na implanta\u00e7\u00e3o de um plano nacional de combate \u00e0 Covid-19&#8221;.<\/p>\n\n\n\n<p>&#8220;Ao inv\u00e9s de trabalhar de modo integrado com governadores e prefeitos, de acordo com o que mandam tanto a l\u00f3gica de nosso regime federativo, quanto a espec\u00edfica organiza\u00e7\u00e3o pol\u00edtica e administrativa do SUS, o sr. Jair Messias Bolsonaro escolheu fazer da pandemia um palco para sua guerra contra potenciais advers\u00e1rios pol\u00edticos, minando a indispens\u00e1vel coopera\u00e7\u00e3o federativa, criando tens\u00e3o e sabotagem onde deveria haver colabora\u00e7\u00e3o, instigando a revolta da popula\u00e7\u00e3o contra prefeitos e governadores&#8221;, segue o documento.<\/p>\n\n\n\n<p><em>Fonte: Yahoo Not\u00edcias<\/em><\/p>\n","protected":false},"excerpt":{"rendered":"<p>O ex-ministro da Sa\u00fade Jos\u00e9 Gomes Tempor\u00e3o, o sanitarista e fundador da Anvisa (Ag\u00eancia Nacional de Vigil\u00e2ncia Sanit\u00e1ria) e outros cientistas, m\u00e9dicos, enfermeiros e profissionais da sa\u00fade assinam um pedido de impeachment do presidente\u00a0Jair Bolsonaro\u00a0(sem partido) que ser\u00e1 protocolado nesta sexta-feira (5).<\/p>\n","protected":false},"author":2,"featured_media":28362,"comment_status":"open","ping_status":"open","sticky":false,"template":"","format":"standard","meta":{"om_disable_all_campaigns":false,"_monsterinsights_skip_tracking":false,"_monsterinsights_sitenote_active":false,"_monsterinsights_sitenote_note":"","_monsterinsights_sitenote_category":0,"footnotes":""},"categories":[34,70,69,21],"tags":[93,3429,3486,988,1395,61,3570,371],"class_list":["post-32670","post","type-post","status-publish","format-standard","has-post-thumbnail","hentry","category-brasil","category-destaques","category-noticias2","category-politica","tag-brasil","tag-coronavirus","tag-covid-19","tag-impeachment","tag-jair-bolsonaro","tag-saude","tag-vacina","tag-vacinacao"],"aioseo_notices":[],"_links":{"self":[{"href":"https:\/\/www.portalalerta.com.br\/index.php\/wp-json\/wp\/v2\/posts\/32670","targetHints":{"allow":["GET"]}}],"collection":[{"href":"https:\/\/www.portalalerta.com.br\/index.php\/wp-json\/wp\/v2\/posts"}],"about":[{"href":"https:\/\/www.portalalerta.com.br\/index.php\/wp-json\/wp\/v2\/types\/post"}],"author":[{"embeddable":true,"href":"https:\/\/www.portalalerta.com.br\/index.php\/wp-json\/wp\/v2\/users\/2"}],"replies":[{"embeddable":true,"href":"https:\/\/www.portalalerta.com.br\/index.php\/wp-json\/wp\/v2\/comments?post=32670"}],"version-history":[{"count":1,"href":"https:\/\/www.portalalerta.com.br\/index.php\/wp-json\/wp\/v2\/posts\/32670\/revisions"}],"predecessor-version":[{"id":32673,"href":"https:\/\/www.portalalerta.com.br\/index.php\/wp-json\/wp\/v2\/posts\/32670\/revisions\/32673"}],"wp:featuredmedia":[{"embeddable":true,"href":"https:\/\/www.portalalerta.com.br\/index.php\/wp-json\/wp\/v2\/media\/28362"}],"wp:attachment":[{"href":"https:\/\/www.portalalerta.com.br\/index.php\/wp-json\/wp\/v2\/media?parent=32670"}],"wp:term":[{"taxonomy":"category","embeddable":true,"href":"https:\/\/www.portalalerta.com.br\/index.php\/wp-json\/wp\/v2\/categories?post=32670"},{"taxonomy":"post_tag","embeddable":true,"href":"https:\/\/www.portalalerta.com.br\/index.php\/wp-json\/wp\/v2\/tags?post=32670"}],"curies":[{"name":"wp","href":"https:\/\/api.w.org\/{rel}","templated":true}]}}