{"id":32674,"date":"2021-02-07T08:02:00","date_gmt":"2021-02-07T11:02:00","guid":{"rendered":"https:\/\/www.portalalerta.com.br\/?p=32674"},"modified":"2021-02-06T20:57:33","modified_gmt":"2021-02-06T23:57:33","slug":"justica-proibe-ford-de-fazer-demissoes-coletivas-em-camacari-e-taubate","status":"publish","type":"post","link":"https:\/\/www.portalalerta.com.br\/index.php\/2021\/02\/07\/justica-proibe-ford-de-fazer-demissoes-coletivas-em-camacari-e-taubate\/","title":{"rendered":"Justi\u00e7a pro\u00edbe Ford de fazer demiss\u00f5es coletivas em Cama\u00e7ari e Taubat\u00e9"},"content":{"rendered":"\n<p>A Justi\u00e7a do Trabalho proibiu a Ford do Brasil de promover demiss\u00f5es coletivas em suas f\u00e1bricas em Cama\u00e7ari, na Bahia, e Taubat\u00e9, em S\u00e3o Paulo, enquanto n\u00e3o houver negocia\u00e7\u00e3o com os respectivos sindicatos. As liminares (decis\u00f5es provis\u00f3rias) foram concedidas entre a noite de sexta-feira (5) e a manh\u00e3 de s\u00e1bado(6). A empresa pode recorrer.<\/p>\n\n\n\n<!--more-->\n\n\n\n<p>Ambas as decis\u00f5es impedem a Ford de suspender o pagamento de sal\u00e1rios e licen\u00e7as remuneradas enquanto os contratos de trabalho estiverem em vigor, bem como de fazer propostas de forma individual aos trabalhadores. As liminares foram concedidas a pedido do Minist\u00e9rio P\u00fablico do Trabalho (MPT), que\u00a0abriu inqu\u00e9ritos\u00a0para avaliar os danos sociais do fechamento das f\u00e1bricas da marca no pa\u00eds.<\/p>\n\n\n\n<p>Em Cama\u00e7ari, o juiz substituto Leonardo de Moura Landulfo Jorge, da 3\u00aa Vara do Trabalho, estipulou multa de R$ 50 mil por trabalhador atingido caso a empresa promova dispensa coletiva. No caso de Taubat\u00e9, a ju\u00edza Andr\u00e9ia de Oliveira, da 2\u00aa Vara do Trabalho, proibiu a Ford de alienar todos os bens e maquin\u00e1rios localizados no munic\u00edpio, sob pena de multa di\u00e1ria de R$ 100 mil por bem removido.<\/p>\n\n\n\n<figure class=\"wp-block-image size-large\"><img decoding=\"async\" src=\"https:\/\/www.portalalerta.com.br\/wp-content\/uploads\/2021\/01\/Moda-Ver\u00e3o-Real-Cal\u00e7ados-2021.jpeg\" alt=\"\" class=\"wp-image-31690\"\/><\/figure>\n\n\n\n<p>Ambas as decis\u00f5es ainda ordenaram a Ford a fornecer aos respectivos sindicatos informa\u00e7\u00f5es sobre a rescis\u00e3o de contratos com fornecedores, parceiros e terceirizados. A Ag\u00eancia Brasil tenta contato com a empresa para que comente as liminares.<\/p>\n\n\n\n<p>A Ford anunciou em janeiro o\u00a0fechamento de todas as suas f\u00e1bricas no Brasil, ap\u00f3s mais de 100 anos montando ve\u00edculos no pa\u00eds. Em nota \u00e0 \u00e9poca do an\u00fancio, a empresa citou, entre outros fatores, os impactos provocados pela pandemia de covid-19, que \u201camplia a persistente capacidade ociosa da ind\u00fastria e a redu\u00e7\u00e3o das vendas, resultando em anos de perdas significativas\u201d, segundo a montadora.<\/p>\n\n\n\n<p><em>Fonte: Ag\u00eancia Brasil<\/em><\/p>\n","protected":false},"excerpt":{"rendered":"<p>A Justi\u00e7a do Trabalho proibiu a Ford do Brasil de promover demiss\u00f5es coletivas em suas f\u00e1bricas em Cama\u00e7ari, na Bahia, e Taubat\u00e9, em S\u00e3o Paulo, enquanto n\u00e3o houver negocia\u00e7\u00e3o com os respectivos sindicatos. As liminares (decis\u00f5es provis\u00f3rias) foram concedidas entre a noite de sexta-feira (5) e a manh\u00e3 de s\u00e1bado(6). A empresa pode recorrer.<\/p>\n","protected":false},"author":2,"featured_media":31850,"comment_status":"open","ping_status":"open","sticky":false,"template":"","format":"standard","meta":{"om_disable_all_campaigns":false,"_monsterinsights_skip_tracking":false,"_monsterinsights_sitenote_active":false,"_monsterinsights_sitenote_note":"","_monsterinsights_sitenote_category":0,"footnotes":""},"categories":[33,34,70,69],"tags":[54,93,616,1698,270],"class_list":["post-32674","post","type-post","status-publish","format-standard","has-post-thumbnail","hentry","category-bahia","category-brasil","category-destaques","category-noticias2","tag-bahia","tag-brasil","tag-demissao","tag-ford","tag-justica"],"aioseo_notices":[],"_links":{"self":[{"href":"https:\/\/www.portalalerta.com.br\/index.php\/wp-json\/wp\/v2\/posts\/32674","targetHints":{"allow":["GET"]}}],"collection":[{"href":"https:\/\/www.portalalerta.com.br\/index.php\/wp-json\/wp\/v2\/posts"}],"about":[{"href":"https:\/\/www.portalalerta.com.br\/index.php\/wp-json\/wp\/v2\/types\/post"}],"author":[{"embeddable":true,"href":"https:\/\/www.portalalerta.com.br\/index.php\/wp-json\/wp\/v2\/users\/2"}],"replies":[{"embeddable":true,"href":"https:\/\/www.portalalerta.com.br\/index.php\/wp-json\/wp\/v2\/comments?post=32674"}],"version-history":[{"count":1,"href":"https:\/\/www.portalalerta.com.br\/index.php\/wp-json\/wp\/v2\/posts\/32674\/revisions"}],"predecessor-version":[{"id":32675,"href":"https:\/\/www.portalalerta.com.br\/index.php\/wp-json\/wp\/v2\/posts\/32674\/revisions\/32675"}],"wp:featuredmedia":[{"embeddable":true,"href":"https:\/\/www.portalalerta.com.br\/index.php\/wp-json\/wp\/v2\/media\/31850"}],"wp:attachment":[{"href":"https:\/\/www.portalalerta.com.br\/index.php\/wp-json\/wp\/v2\/media?parent=32674"}],"wp:term":[{"taxonomy":"category","embeddable":true,"href":"https:\/\/www.portalalerta.com.br\/index.php\/wp-json\/wp\/v2\/categories?post=32674"},{"taxonomy":"post_tag","embeddable":true,"href":"https:\/\/www.portalalerta.com.br\/index.php\/wp-json\/wp\/v2\/tags?post=32674"}],"curies":[{"name":"wp","href":"https:\/\/api.w.org\/{rel}","templated":true}]}}