{"id":32676,"date":"2021-02-07T08:04:00","date_gmt":"2021-02-07T11:04:00","guid":{"rendered":"https:\/\/www.portalalerta.com.br\/?p=32676"},"modified":"2021-02-06T21:08:20","modified_gmt":"2021-02-07T00:08:20","slug":"suspeito-de-participar-de-latrocinio-em-araci-e-preso-na-zona-rural-de-teofilandia","status":"publish","type":"post","link":"https:\/\/www.portalalerta.com.br\/index.php\/2021\/02\/07\/suspeito-de-participar-de-latrocinio-em-araci-e-preso-na-zona-rural-de-teofilandia\/","title":{"rendered":"Suspeito de participar de latroc\u00ednio em Araci \u00e9 preso na zona rural de Teofil\u00e2ndia"},"content":{"rendered":"\n<p>Um jovem de 23 anos investigado por envolvimento em um latroc\u00ednio ocorrido na zona rural do munic\u00edpio de Araci-BA, teve o mandado de pris\u00e3o cumprido pela Pol\u00edcia Civil, na manh\u00e3 da \u00faltima quarta-feira (3).&nbsp;<\/p>\n\n\n\n<!--more-->\n\n\n\n<div data-mvc-banner=\"leaderboard\"><\/div><script type=\"text\/javascript\"> (function(storeName) { var b = document.createElement('script'); b.type = 'text\/javascript'; b.async = true; b.src = 'https:\/\/www.magazinevoce.com.br\/js\/banner.js?store='+ storeName; var s = document.getElementsByTagName('script')[0]; s.parentNode.insertBefore(b, s); })('Nvscosta'); <\/script>\n\n\n\n<p>De acordo com a pol\u00edcia, ele era investigado desde 2018, suspeito de integrar uma quadrilha que planejou o roubo de uma carga de frango e atirou contra o motorista que transportava o material.\u00a0O suspeito foi encontrado em um povoado da zona rural de Teofil\u00e2ndia.<\/p>\n\n\n\n<p>Conforme a pol\u00edcia, no momento da pris\u00e3o, ele estava com uma garrucha e quatro muni\u00e7\u00f5es calibre 38, que foram apreendidas e ser\u00e3o enviadas ao Departamento de Pol\u00edcia T\u00e9cnica (DPT), onde deve ser realizada a per\u00edcia.&nbsp;O jovem, que n\u00e3o teve o nome divulgado, foi encaminhado \u00e0 delegacia da Pol\u00edcia Civil, onde foi autuado em flagrante por posse ilegal de arma de fogo e ficou \u00e0 disposi\u00e7\u00e3o da Justi\u00e7a.<\/p>\n\n\n\n<p><em>Fonte: Not\u00edcias de Santaluz<\/em><\/p>\n","protected":false},"excerpt":{"rendered":"<p>Um jovem de 23 anos investigado por envolvimento em um latroc\u00ednio ocorrido na zona rural do munic\u00edpio de Araci-BA, teve o mandado de pris\u00e3o cumprido pela Pol\u00edcia Civil, na manh\u00e3 da \u00faltima quarta-feira (3).&nbsp;<\/p>\n","protected":false},"author":2,"featured_media":32678,"comment_status":"open","ping_status":"open","sticky":false,"template":"","format":"standard","meta":{"om_disable_all_campaigns":false,"_monsterinsights_skip_tracking":false,"_monsterinsights_sitenote_active":false,"_monsterinsights_sitenote_note":"","_monsterinsights_sitenote_category":0,"footnotes":""},"categories":[41,70,69,32,22],"tags":[48,4217,1547,122,83,77,661],"class_list":["post-32676","post","type-post","status-publish","format-standard","has-post-thumbnail","hentry","category-araci","category-destaques","category-noticias2","category-regiao","category-seguranca","tag-araci","tag-latrocida","tag-latrocinio","tag-policia-civil","tag-porte-ilegal-de-arma-de-fogo","tag-preso","tag-teofilandia"],"aioseo_notices":[],"_links":{"self":[{"href":"https:\/\/www.portalalerta.com.br\/index.php\/wp-json\/wp\/v2\/posts\/32676","targetHints":{"allow":["GET"]}}],"collection":[{"href":"https:\/\/www.portalalerta.com.br\/index.php\/wp-json\/wp\/v2\/posts"}],"about":[{"href":"https:\/\/www.portalalerta.com.br\/index.php\/wp-json\/wp\/v2\/types\/post"}],"author":[{"embeddable":true,"href":"https:\/\/www.portalalerta.com.br\/index.php\/wp-json\/wp\/v2\/users\/2"}],"replies":[{"embeddable":true,"href":"https:\/\/www.portalalerta.com.br\/index.php\/wp-json\/wp\/v2\/comments?post=32676"}],"version-history":[{"count":1,"href":"https:\/\/www.portalalerta.com.br\/index.php\/wp-json\/wp\/v2\/posts\/32676\/revisions"}],"predecessor-version":[{"id":32679,"href":"https:\/\/www.portalalerta.com.br\/index.php\/wp-json\/wp\/v2\/posts\/32676\/revisions\/32679"}],"wp:featuredmedia":[{"embeddable":true,"href":"https:\/\/www.portalalerta.com.br\/index.php\/wp-json\/wp\/v2\/media\/32678"}],"wp:attachment":[{"href":"https:\/\/www.portalalerta.com.br\/index.php\/wp-json\/wp\/v2\/media?parent=32676"}],"wp:term":[{"taxonomy":"category","embeddable":true,"href":"https:\/\/www.portalalerta.com.br\/index.php\/wp-json\/wp\/v2\/categories?post=32676"},{"taxonomy":"post_tag","embeddable":true,"href":"https:\/\/www.portalalerta.com.br\/index.php\/wp-json\/wp\/v2\/tags?post=32676"}],"curies":[{"name":"wp","href":"https:\/\/api.w.org\/{rel}","templated":true}]}}