{"id":32680,"date":"2021-02-07T12:01:00","date_gmt":"2021-02-07T15:01:00","guid":{"rendered":"https:\/\/www.portalalerta.com.br\/?p=32680"},"modified":"2021-02-06T22:56:42","modified_gmt":"2021-02-07T01:56:42","slug":"governador-discute-protocolo-de-volta-as-aulas-e-prorroga-decreto-que-suspende-shows-e-aulas","status":"publish","type":"post","link":"https:\/\/www.portalalerta.com.br\/index.php\/2021\/02\/07\/governador-discute-protocolo-de-volta-as-aulas-e-prorroga-decreto-que-suspende-shows-e-aulas\/","title":{"rendered":"Governador discute protocolo de volta \u00e0s aulas e prorroga decreto que suspende shows e aulas"},"content":{"rendered":"\n<p>O governador&nbsp; Rui Costa, se reuniu na \u00faltima sexta-feira (5) com prefeitos baianos para discutir a cria\u00e7\u00e3o do protocolo de volta \u00e0s aulas e vacina\u00e7\u00e3o de profissionais da educa\u00e7\u00e3o acima de 55 anos, que fazem parte do grupo de maior vulnerabilidade.&nbsp; Mesmo ap\u00f3s o encontro, ainda n\u00e3o h\u00e1 data para retorno das aulas presenciais no estado e o governo decidiu prorrogar o decreto que suspende shows e aulas nas unidades de ensino das redes p\u00fablica e privada em toda a Bahia. A prorroga\u00e7\u00e3o foi publicada no Di\u00e1rio Oficial do Estado (DOE) de hoje (6) e vale at\u00e9 o dia 14 de fevereiro de 2021.<\/p>\n\n\n\n<!--more-->\n\n\n\n<p>A reuni\u00e3o, que tamb\u00e9m contou com os secret\u00e1rios estaduais e municipais, da sa\u00fade e educa\u00e7\u00e3o, al\u00e9m de membros da Uni\u00e3o dos Munic\u00edpios da Bahia (UPB), aconteceu na governadoria. Segundo o governador, para o retorno das atividades escolares \u00e9 preciso levar em conta as taxas de ocupa\u00e7\u00e3o de leitos e de mortalidade pela Covid-19. Para isso, o governo, junto \u00e0s prefeituras, pretende criar um protocolo \u00fanico para a volta \u00e0s aulas.<\/p>\n\n\n\n<div class=\"wp-block-image\"><figure class=\"aligncenter size-large\"><img fetchpriority=\"high\" decoding=\"async\" width=\"720\" height=\"181\" src=\"https:\/\/www.portalalerta.com.br\/wp-content\/uploads\/2018\/02\/Auto-Escola-Nobre.jpg\" alt=\"\" class=\"wp-image-4869\" srcset=\"https:\/\/www.portalalerta.com.br\/wp-content\/uploads\/2018\/02\/Auto-Escola-Nobre.jpg 720w, https:\/\/www.portalalerta.com.br\/wp-content\/uploads\/2018\/02\/Auto-Escola-Nobre-260x65.jpg 260w, https:\/\/www.portalalerta.com.br\/wp-content\/uploads\/2018\/02\/Auto-Escola-Nobre-50x13.jpg 50w, https:\/\/www.portalalerta.com.br\/wp-content\/uploads\/2018\/02\/Auto-Escola-Nobre-150x38.jpg 150w\" sizes=\"(max-width: 720px) 100vw, 720px\" \/><\/figure><\/div>\n\n\n\n<p>Na ocasi\u00e3o, Rui Costa&nbsp; solicitou um levantamento dos profissionais da educa\u00e7\u00e3o acima de 55 anos na Bahia, que fazem parte do grupo de maior vulnerabilidade, para que, possivelmente, eles possam ser inclu\u00eddos na programa\u00e7\u00e3o de vacina\u00e7\u00e3o.<\/p>\n\n\n\n<p>Tamb\u00e9m participaram do encontro os secret\u00e1rios estaduais da sa\u00fade, F\u00e1bio Vilas-Boas, e da Educa\u00e7\u00e3o, Jer\u00f4nimo Rodrigues, e o presidente da UPB, Eures Ribeiro, al\u00e9m do prefeito de Salvador, Bruno Reis, acompanhado dos secret\u00e1rios municipais de Sa\u00fade e de Educa\u00e7\u00e3o, L\u00e9o Prates e Marcelo Oliveira, respectivamente. J\u00e1 os prefeitos do interior participaram virtualmente.<\/p>\n\n\n\n<p><em>Fonte: Metro1<\/em><\/p>\n","protected":false},"excerpt":{"rendered":"<p>O governador&nbsp; Rui Costa, se reuniu na \u00faltima sexta-feira (5) com prefeitos baianos para discutir a cria\u00e7\u00e3o do protocolo de volta \u00e0s aulas e vacina\u00e7\u00e3o de profissionais da educa\u00e7\u00e3o acima de 55 anos, que fazem parte do grupo de maior vulnerabilidade.&nbsp; Mesmo ap\u00f3s o encontro, ainda n\u00e3o h\u00e1 data para retorno das aulas presenciais no &hellip;<\/p>\n","protected":false},"author":2,"featured_media":32683,"comment_status":"open","ping_status":"open","sticky":false,"template":"","format":"standard","meta":{"om_disable_all_campaigns":false,"_monsterinsights_skip_tracking":false,"_monsterinsights_sitenote_active":false,"_monsterinsights_sitenote_note":"","_monsterinsights_sitenote_category":0,"footnotes":""},"categories":[33,70,20,69,21],"tags":[1154,54,3429,3486,283,282,61],"class_list":["post-32680","post","type-post","status-publish","format-standard","has-post-thumbnail","hentry","category-bahia","category-destaques","category-educacao","category-noticias2","category-politica","tag-aulas","tag-bahia","tag-coronavirus","tag-covid-19","tag-governador","tag-rui-costa","tag-saude"],"aioseo_notices":[],"_links":{"self":[{"href":"https:\/\/www.portalalerta.com.br\/index.php\/wp-json\/wp\/v2\/posts\/32680","targetHints":{"allow":["GET"]}}],"collection":[{"href":"https:\/\/www.portalalerta.com.br\/index.php\/wp-json\/wp\/v2\/posts"}],"about":[{"href":"https:\/\/www.portalalerta.com.br\/index.php\/wp-json\/wp\/v2\/types\/post"}],"author":[{"embeddable":true,"href":"https:\/\/www.portalalerta.com.br\/index.php\/wp-json\/wp\/v2\/users\/2"}],"replies":[{"embeddable":true,"href":"https:\/\/www.portalalerta.com.br\/index.php\/wp-json\/wp\/v2\/comments?post=32680"}],"version-history":[{"count":1,"href":"https:\/\/www.portalalerta.com.br\/index.php\/wp-json\/wp\/v2\/posts\/32680\/revisions"}],"predecessor-version":[{"id":32684,"href":"https:\/\/www.portalalerta.com.br\/index.php\/wp-json\/wp\/v2\/posts\/32680\/revisions\/32684"}],"wp:featuredmedia":[{"embeddable":true,"href":"https:\/\/www.portalalerta.com.br\/index.php\/wp-json\/wp\/v2\/media\/32683"}],"wp:attachment":[{"href":"https:\/\/www.portalalerta.com.br\/index.php\/wp-json\/wp\/v2\/media?parent=32680"}],"wp:term":[{"taxonomy":"category","embeddable":true,"href":"https:\/\/www.portalalerta.com.br\/index.php\/wp-json\/wp\/v2\/categories?post=32680"},{"taxonomy":"post_tag","embeddable":true,"href":"https:\/\/www.portalalerta.com.br\/index.php\/wp-json\/wp\/v2\/tags?post=32680"}],"curies":[{"name":"wp","href":"https:\/\/api.w.org\/{rel}","templated":true}]}}