{"id":32688,"date":"2021-02-07T12:04:00","date_gmt":"2021-02-07T15:04:00","guid":{"rendered":"https:\/\/www.portalalerta.com.br\/?p=32688"},"modified":"2021-02-06T23:39:37","modified_gmt":"2021-02-07T02:39:37","slug":"ex-presidiario-sofre-grave-acidente-de-transito-a-bordo-de-veiculo-roubado-em-ribeira-do-pombal-ba","status":"publish","type":"post","link":"https:\/\/www.portalalerta.com.br\/index.php\/2021\/02\/07\/ex-presidiario-sofre-grave-acidente-de-transito-a-bordo-de-veiculo-roubado-em-ribeira-do-pombal-ba\/","title":{"rendered":"Ex-presidi\u00e1rio sofre grave acidente de tr\u00e2nsito a bordo de ve\u00edculo roubado, em Ribeira do Pombal-BA"},"content":{"rendered":"\n<p>Um grave acidente de tr\u00e2nsito ocorrido na noite de s\u00e1bado (06), deixou um homem gravemente ferido, na BR 110, em Ribeira do Pombal-BA.<\/p>\n\n\n\n<!--more-->\n\n\n\n<p>O acidente ocorreu ap\u00f3s um carro e uma motocicleta colidirem frontalmente. Devido \u00e0 gravidade do condutor da motocicleta, policiais rodovi\u00e1rios federais, militares, e Guardas Civis Municipais foram at\u00e9 o local, onde realizaram o isolamento da \u00e1rea, enquanto socorristas da Equipe Anjos da Terra, prestavam o devido socorro.<\/p>\n\n\n\n<div data-mvc-banner=\"leaderboard\"><\/div><script type=\"text\/javascript\"> (function(storeName) { var b = document.createElement('script'); b.type = 'text\/javascript'; b.async = true; b.src = 'https:\/\/www.magazinevoce.com.br\/js\/banner.js?store='+ storeName; var s = document.getElementsByTagName('script')[0]; s.parentNode.insertBefore(b, s); })('Nvscosta'); <\/script>\n\n\n\n<p>Mauro Jesus dos Santos, 29 anos, teve les\u00f5es graves, sendo uma fratura externa no membro inferior, e mais duas fraturas no membro superior. A motocicleta que era conduzida por Mauro, uma Honda CG de cor vermelha, Placa Policial PBH 9287, com licen\u00e7a de S\u00e3o Paulo, foi apresentada na Delegacia de Pol\u00edcia Civil, por se tratar de um ve\u00edculo proveniente de furto\/ roubo.<\/p>\n\n\n\n<p>Al\u00e9m disso, \u201cMauro da Rua Aracaju\u201d como \u00e9 conhecido, estava em liberdade h\u00e1 pouco mais de dois meses, tendo em vista que estava no sistema prisional, devido a crimes cometidos em datas anteriores, entre eles um homic\u00eddio que vitimou Iury Costa Santana, em abril de 2017. <strong><a href=\"https:\/\/www.portalalerta.com.br\/index.php\/2019\/09\/16\/acusado-de-homicidio-e-preso-em-ribeira-do-pombal-ba\/\">Relembre<\/a><\/strong><\/p>\n\n\n\n<div class=\"wp-block-image\"><figure class=\"aligncenter size-large\"><img fetchpriority=\"high\" decoding=\"async\" width=\"500\" height=\"350\" src=\"https:\/\/www.portalalerta.com.br\/wp-content\/uploads\/2019\/09\/Mauro-Jesus-dos-Santos.jpeg\" alt=\"\" class=\"wp-image-19436\" srcset=\"https:\/\/www.portalalerta.com.br\/wp-content\/uploads\/2019\/09\/Mauro-Jesus-dos-Santos.jpeg 500w, https:\/\/www.portalalerta.com.br\/wp-content\/uploads\/2019\/09\/Mauro-Jesus-dos-Santos-343x240.jpeg 343w, https:\/\/www.portalalerta.com.br\/wp-content\/uploads\/2019\/09\/Mauro-Jesus-dos-Santos-209x146.jpeg 209w, https:\/\/www.portalalerta.com.br\/wp-content\/uploads\/2019\/09\/Mauro-Jesus-dos-Santos-50x35.jpeg 50w, https:\/\/www.portalalerta.com.br\/wp-content\/uploads\/2019\/09\/Mauro-Jesus-dos-Santos-107x75.jpeg 107w\" sizes=\"(max-width: 500px) 100vw, 500px\" \/><figcaption>Mauro da Rua Aracaju &#8211;  Arquivo Portal Alerta <\/figcaption><\/figure><\/div>\n\n\n\n<p>At\u00e9 o momento do fechamento desta mat\u00e9ria, o quadro cl\u00ednico de Mauro n\u00e3o foi divulgado.<\/p>\n\n\n\n<p><em>Reda\u00e7\u00e3o: Portal Alerta<\/em><\/p>\n\n\n\n<p><strong><em>#fiqueemcasa<\/em><\/strong><\/p>\n\n\n\n<p><strong><em>#usemascaras<\/em><\/strong><\/p>\n","protected":false},"excerpt":{"rendered":"<p>Um grave acidente de tr\u00e2nsito ocorrido na noite de s\u00e1bado (06), deixou um homem gravemente ferido, na BR 110, em Ribeira do Pombal-BA.<\/p>\n","protected":false},"author":2,"featured_media":32689,"comment_status":"open","ping_status":"open","sticky":false,"template":"","format":"standard","meta":{"om_disable_all_campaigns":false,"_monsterinsights_skip_tracking":false,"_monsterinsights_sitenote_active":false,"_monsterinsights_sitenote_note":"","_monsterinsights_sitenote_category":0,"footnotes":""},"categories":[70,69,32,3,22],"tags":[166,2620,299,313,79,77,149,47,101,102],"class_list":["post-32688","post","type-post","status-publish","format-standard","has-post-thumbnail","hentry","category-destaques","category-noticias2","category-regiao","category-ribeira-do-pombal","category-seguranca","tag-acidente","tag-equipe-anjos-da-terra","tag-ferido","tag-gcm","tag-policia-militar","tag-preso","tag-prf","tag-ribeira-do-pombal","tag-roubo-de-moto","tag-veiculo-recuperado"],"aioseo_notices":[],"_links":{"self":[{"href":"https:\/\/www.portalalerta.com.br\/index.php\/wp-json\/wp\/v2\/posts\/32688","targetHints":{"allow":["GET"]}}],"collection":[{"href":"https:\/\/www.portalalerta.com.br\/index.php\/wp-json\/wp\/v2\/posts"}],"about":[{"href":"https:\/\/www.portalalerta.com.br\/index.php\/wp-json\/wp\/v2\/types\/post"}],"author":[{"embeddable":true,"href":"https:\/\/www.portalalerta.com.br\/index.php\/wp-json\/wp\/v2\/users\/2"}],"replies":[{"embeddable":true,"href":"https:\/\/www.portalalerta.com.br\/index.php\/wp-json\/wp\/v2\/comments?post=32688"}],"version-history":[{"count":1,"href":"https:\/\/www.portalalerta.com.br\/index.php\/wp-json\/wp\/v2\/posts\/32688\/revisions"}],"predecessor-version":[{"id":32690,"href":"https:\/\/www.portalalerta.com.br\/index.php\/wp-json\/wp\/v2\/posts\/32688\/revisions\/32690"}],"wp:featuredmedia":[{"embeddable":true,"href":"https:\/\/www.portalalerta.com.br\/index.php\/wp-json\/wp\/v2\/media\/32689"}],"wp:attachment":[{"href":"https:\/\/www.portalalerta.com.br\/index.php\/wp-json\/wp\/v2\/media?parent=32688"}],"wp:term":[{"taxonomy":"category","embeddable":true,"href":"https:\/\/www.portalalerta.com.br\/index.php\/wp-json\/wp\/v2\/categories?post=32688"},{"taxonomy":"post_tag","embeddable":true,"href":"https:\/\/www.portalalerta.com.br\/index.php\/wp-json\/wp\/v2\/tags?post=32688"}],"curies":[{"name":"wp","href":"https:\/\/api.w.org\/{rel}","templated":true}]}}