{"id":32691,"date":"2021-02-08T09:32:52","date_gmt":"2021-02-08T12:32:52","guid":{"rendered":"https:\/\/www.portalalerta.com.br\/?p=32691"},"modified":"2021-02-08T09:32:54","modified_gmt":"2021-02-08T12:32:54","slug":"saude-pede-a-economia-r-52-bi-adicionais-para-pagar-despesas-com-leitos-de-pacientes-de-covid","status":"publish","type":"post","link":"https:\/\/www.portalalerta.com.br\/index.php\/2021\/02\/08\/saude-pede-a-economia-r-52-bi-adicionais-para-pagar-despesas-com-leitos-de-pacientes-de-covid\/","title":{"rendered":"Sa\u00fade pede \u00e0 Economia R$ 5,2 bi adicionais para pagar despesas com leitos de pacientes de Covid"},"content":{"rendered":"\n<p>O Minist\u00e9rio da Sa\u00fade informou a estados e munic\u00edpios que o n\u00famero de leitos para Covid-19, custeados pela Uni\u00e3o, pode cair pela metade neste m\u00eas. A falta de recursos levou o Minist\u00e9rio da Sa\u00fade a pedir um cr\u00e9dito suplementar ao Minist\u00e9rio da Economia.<\/p>\n\n\n\n<!--more-->\n\n\n\n<p>O\u00a0Minist\u00e9rio da Sa\u00fade\u00a0pediu no \u00faltimo dia 29 para o\u00a0Minist\u00e9rio da Economia\u00a0um cr\u00e9dito suplementar de R$ 5,2 bilh\u00f5es a fim de custear despesas com a pandemia de Covid-19. Sem novos recursos, o n\u00famero de leitos destinados pelo governo federal a pacientes com a doen\u00e7a pode cair pela metade.<\/p>\n\n\n\n<p>No pedido, o minist\u00e9rio argumenta que o dinheiro previsto para a sa\u00fade no or\u00e7amento da Uni\u00e3o, que aguarda vota\u00e7\u00e3o do Congresso, j\u00e1 est\u00e1 todo comprometido \u2014 R$ 136,7 bilh\u00f5es.<\/p>\n\n\n\n<p>A informa\u00e7\u00e3o est\u00e1\u00a0na edi\u00e7\u00e3o deste s\u00e1bado (6) do jornal &#8220;O Globo&#8221;. O of\u00edcio com dois documentos e o pedido da verba foi enviado ao Minist\u00e9rio da Economia e \u00e0 Casa Civil pelo secret\u00e1rio-executivo do Minist\u00e9rio da Sa\u00fade, Elcio Franco. A TV Globo tamb\u00e9m teve acesso aos documentos.<\/p>\n\n\n\n<div class=\"wp-block-image\"><figure class=\"alignleft size-large is-resized\"><img fetchpriority=\"high\" decoding=\"async\" src=\"https:\/\/www.portalalerta.com.br\/wp-content\/uploads\/2018\/07\/05elab.jpg\" alt=\"\" class=\"wp-image-9394\" width=\"320\" height=\"240\" srcset=\"https:\/\/www.portalalerta.com.br\/wp-content\/uploads\/2018\/07\/05elab.jpg 400w, https:\/\/www.portalalerta.com.br\/wp-content\/uploads\/2018\/07\/05elab-320x240.jpg 320w, https:\/\/www.portalalerta.com.br\/wp-content\/uploads\/2018\/07\/05elab-195x146.jpg 195w, https:\/\/www.portalalerta.com.br\/wp-content\/uploads\/2018\/07\/05elab-50x38.jpg 50w, https:\/\/www.portalalerta.com.br\/wp-content\/uploads\/2018\/07\/05elab-100x75.jpg 100w\" sizes=\"(max-width: 320px) 100vw, 320px\" \/><\/figure><\/div>\n\n\n\n<p>Em um dos documentos, o secret\u00e1rio-executivo do minist\u00e9rio diz que s\u00e3o necess\u00e1rios &#8220;recursos para custeio de servi\u00e7os de aten\u00e7\u00e3o especializada, especialmente leitos de UTI&#8221;. Em outro, justifica a necessidade de libera\u00e7\u00e3o da verba:<\/p>\n\n\n\n<p>&#8220;A persist\u00eancia da doen\u00e7a observada pela evolu\u00e7\u00e3o da quantidade de casos produz impactos severos no Sistema \u00danico de Sa\u00fade (SUS) que imp\u00f5em a necessidade de adequar a capacidade do Estado para garantir o direito \u00e0 sa\u00fade enquanto n\u00e3o \u00e9 poss\u00edvel controlar a situa\u00e7\u00e3o epidemiol\u00f3gica.&#8221;<\/p>\n\n\n\n<p>Segundo o texto, &#8220;al\u00e9m do elevado n\u00famero de doentes que est\u00e3o ingressando no SUS para tratamento em raz\u00e3o da Covid-19, dependendo do comportamento da doen\u00e7a, os entes precisar\u00e3o de apoio inclusive para organizar o fornecimento de itens essenciais para o atendimento, como est\u00e1 acontecendo no Amazonas e em Rond\u00f4nia&#8221;.<\/p>\n\n\n\n<p>Por isso, afirma o secret\u00e1rio no pedido ao Minist\u00e9rio da Economia, &#8220;\u00e9 imprescind\u00edvel e urgente utilizar recursos or\u00e7ament\u00e1rios adicionais \u00e0queles previstos no Projeto de Lei Or\u00e7ament\u00e1ria Anual (PLOA) para ampliar a capacidade de atendimento \u00e0 popula\u00e7\u00e3o, ajustando-a \u00e0 demanda emergencial&#8221;.<\/p>\n\n\n\n<p>O Conselho Nacional de Secret\u00e1rios de Sa\u00fade dos estados (Conass) j\u00e1 vinha demonstrando preocupa\u00e7\u00e3o com a redu\u00e7\u00e3o de recursos do governo federal para a\u00e7\u00f5es de combate \u00e0 Covid, como o custeio de leitos de UTIs, principalmente depois de uma reuni\u00e3o, na semana passada, com a equipe do Minist\u00e9rio da Sa\u00fade.<\/p>\n\n\n\n<p>Na reuni\u00e3o, o Minist\u00e9rio da Sa\u00fade informou ao conselho que o n\u00famero de leitos em fevereiro custeados pelo governo federal vai ser reduzido em mais da metade na compara\u00e7\u00e3o com janeiro \u2014 de quase 8 mil para pouco mais de 3 mil leitos.<\/p>\n\n\n\n<p>Essa redu\u00e7\u00e3o foi informada pela secret\u00e1ria substituta de Aten\u00e7\u00e3o Especializada \u00e0 Sa\u00fade, Maria Inez Gadelha, em reuni\u00e3o da Comiss\u00e3o Intergestores Tripartite, na quinta-feira passada.<\/p>\n\n\n\n<p>&#8220;Nossa situa\u00e7\u00e3o hoje \u00e9 de 7.717 habilitados em janeiro e, a partir de fevereiro, 3.187&#8221;, disse a secret\u00e1ria na reuni\u00e3o. &#8220;Ora, se n\u00f3s n\u00e3o tomarmos uma medida imediata e, principalmente, a partir de tudo que assistimos hoje aqui, nas apresenta\u00e7\u00f5es, certamente vai haver uma crise muito mais aguda&#8221;, afirmou.<\/p>\n\n\n\n<p>A secret\u00e1ria informou tamb\u00e9m que o governo federal j\u00e1 recebeu de estados e munic\u00edpios pedidos de prorroga\u00e7\u00e3o para manter 1.335 leitos de UTI custeados pela Uni\u00e3o, al\u00e9m de outros 2.685 pedidos para a habilita\u00e7\u00e3o de novos leitos. Ela fez ainda a ressalva de que os dados eram de 25 de janeiro e que o n\u00famero ainda poderia aumentar.<\/p>\n\n\n\n<p>Em nota, o Minist\u00e9rio da Sa\u00fade afirmou que &#8220;faz \u2014 e sempre fez \u2014 parte de suas atribui\u00e7\u00f5es adequar o or\u00e7amento \u00e0s necessidades do SUS&#8221;.<\/p>\n\n\n\n<p>De acordo com o minist\u00e9rio, &#8220;uma vez obtidos os cr\u00e9ditos extraordin\u00e1rios, repasses s\u00e3o feitos com a maior brevidade poss\u00edvel, atendendo a crit\u00e9rios objetivos, pelo governo federal a estados, Distrito Federal e munic\u00edpios&#8221;.<\/p>\n\n\n\n<p>Segundo a pasta, o pedido ao Minist\u00e9rio da Economia \u00e9 &#8220;algo normal&#8221;. O Minist\u00e9rio da Economia n\u00e3o respondeu.<\/p>\n\n\n\n<p><em>Fonte: G1<\/em><\/p>\n","protected":false},"excerpt":{"rendered":"<p>O Minist\u00e9rio da Sa\u00fade informou a estados e munic\u00edpios que o n\u00famero de leitos para Covid-19, custeados pela Uni\u00e3o, pode cair pela metade neste m\u00eas. A falta de recursos levou o Minist\u00e9rio da Sa\u00fade a pedir um cr\u00e9dito suplementar ao Minist\u00e9rio da Economia.<\/p>\n","protected":false},"author":2,"featured_media":23145,"comment_status":"open","ping_status":"open","sticky":false,"template":"","format":"standard","meta":{"om_disable_all_campaigns":false,"_monsterinsights_skip_tracking":false,"_monsterinsights_sitenote_active":false,"_monsterinsights_sitenote_note":"","_monsterinsights_sitenote_category":0,"footnotes":""},"categories":[34,70,69,19],"tags":[93,3429,3486,635],"class_list":["post-32691","post","type-post","status-publish","format-standard","has-post-thumbnail","hentry","category-brasil","category-destaques","category-noticias2","category-saude","tag-brasil","tag-coronavirus","tag-covid-19","tag-ministerio-da-saude"],"aioseo_notices":[],"_links":{"self":[{"href":"https:\/\/www.portalalerta.com.br\/index.php\/wp-json\/wp\/v2\/posts\/32691","targetHints":{"allow":["GET"]}}],"collection":[{"href":"https:\/\/www.portalalerta.com.br\/index.php\/wp-json\/wp\/v2\/posts"}],"about":[{"href":"https:\/\/www.portalalerta.com.br\/index.php\/wp-json\/wp\/v2\/types\/post"}],"author":[{"embeddable":true,"href":"https:\/\/www.portalalerta.com.br\/index.php\/wp-json\/wp\/v2\/users\/2"}],"replies":[{"embeddable":true,"href":"https:\/\/www.portalalerta.com.br\/index.php\/wp-json\/wp\/v2\/comments?post=32691"}],"version-history":[{"count":1,"href":"https:\/\/www.portalalerta.com.br\/index.php\/wp-json\/wp\/v2\/posts\/32691\/revisions"}],"predecessor-version":[{"id":32695,"href":"https:\/\/www.portalalerta.com.br\/index.php\/wp-json\/wp\/v2\/posts\/32691\/revisions\/32695"}],"wp:featuredmedia":[{"embeddable":true,"href":"https:\/\/www.portalalerta.com.br\/index.php\/wp-json\/wp\/v2\/media\/23145"}],"wp:attachment":[{"href":"https:\/\/www.portalalerta.com.br\/index.php\/wp-json\/wp\/v2\/media?parent=32691"}],"wp:term":[{"taxonomy":"category","embeddable":true,"href":"https:\/\/www.portalalerta.com.br\/index.php\/wp-json\/wp\/v2\/categories?post=32691"},{"taxonomy":"post_tag","embeddable":true,"href":"https:\/\/www.portalalerta.com.br\/index.php\/wp-json\/wp\/v2\/tags?post=32691"}],"curies":[{"name":"wp","href":"https:\/\/api.w.org\/{rel}","templated":true}]}}