{"id":32692,"date":"2021-02-08T09:48:24","date_gmt":"2021-02-08T12:48:24","guid":{"rendered":"https:\/\/www.portalalerta.com.br\/?p=32692"},"modified":"2021-02-08T09:48:27","modified_gmt":"2021-02-08T12:48:27","slug":"comandante-geral-da-pm-pede-tranquilidade-a-aprovados-em-concurso-serao-convocados","status":"publish","type":"post","link":"https:\/\/www.portalalerta.com.br\/index.php\/2021\/02\/08\/comandante-geral-da-pm-pede-tranquilidade-a-aprovados-em-concurso-serao-convocados\/","title":{"rendered":"Comandante-geral da PM pede tranquilidade a aprovados em concurso: &#8216;Ser\u00e3o convocados&#8217;"},"content":{"rendered":"\n<p>O comandante-geral da Pol\u00edcia Militar da Bahia, coronel Paulo Coutinho, pediu tranquilidade aos aprovados no concurso da corpora\u00e7\u00e3o e que ainda n\u00e3o foram chamados. O titular da PM-BA argumentou que a pandemia interferiu nos processos e que depende da crise sanit\u00e1ria os pr\u00f3ximos passos.<\/p>\n\n\n\n<!--more-->\n\n\n\n<p>Coutinho antecipou que datas ainda n\u00e3o est\u00e3o definidas, mas que o curso de forma\u00e7\u00e3o soldados deve acontecer no segundo semestre deste ano. \u201cJ\u00e1 est\u00e1 nas tratativas finais\u201d, disse durante entrevista ao programa Bahia Not\u00edcias no Ar, da r\u00e1dio Salvador FM 92,3.<\/p>\n\n\n\n<div class=\"wp-block-image\"><figure class=\"aligncenter size-large\"><img fetchpriority=\"high\" decoding=\"async\" width=\"720\" height=\"181\" src=\"https:\/\/www.portalalerta.com.br\/wp-content\/uploads\/2018\/02\/Auto-Escola-Nobre.jpg\" alt=\"\" class=\"wp-image-4869\" srcset=\"https:\/\/www.portalalerta.com.br\/wp-content\/uploads\/2018\/02\/Auto-Escola-Nobre.jpg 720w, https:\/\/www.portalalerta.com.br\/wp-content\/uploads\/2018\/02\/Auto-Escola-Nobre-260x65.jpg 260w, https:\/\/www.portalalerta.com.br\/wp-content\/uploads\/2018\/02\/Auto-Escola-Nobre-50x13.jpg 50w, https:\/\/www.portalalerta.com.br\/wp-content\/uploads\/2018\/02\/Auto-Escola-Nobre-150x38.jpg 150w\" sizes=\"(max-width: 720px) 100vw, 720px\" \/><\/figure><\/div>\n\n\n\n<p>Ele ainda sinalizou que ningu\u00e9m quer mais novos PMs nas ruas do que o comando, mas que neste momento a prioridade \u00e9 a seguran\u00e7a e prote\u00e7\u00e3o dos aprovados.<\/p>\n\n\n\n<p>\u201cNo dia que puder a convoca\u00e7\u00e3o da forma\u00e7\u00e3o ser\u00e1 regularizada\u201d, afirmou.<\/p>\n\n\n\n<p>Coutinho ainda disse que os candidatos \u201coportunamente ser\u00e3o convocados\u201d, e destacou a necessidade da PM-BA de novos agentes. \u201cPrecisamos da for\u00e7a de trabalho\u201d, completou.<\/p>\n\n\n\n<p><em>Fonte: Cival Anjos<\/em><\/p>\n","protected":false},"excerpt":{"rendered":"<p>O comandante-geral da Pol\u00edcia Militar da Bahia, coronel Paulo Coutinho, pediu tranquilidade aos aprovados no concurso da corpora\u00e7\u00e3o e que ainda n\u00e3o foram chamados. O titular da PM-BA argumentou que a pandemia interferiu nos processos e que depende da crise sanit\u00e1ria os pr\u00f3ximos passos.<\/p>\n","protected":false},"author":2,"featured_media":32465,"comment_status":"open","ping_status":"open","sticky":false,"template":"","format":"standard","meta":{"om_disable_all_campaigns":false,"_monsterinsights_skip_tracking":false,"_monsterinsights_sitenote_active":false,"_monsterinsights_sitenote_note":"","_monsterinsights_sitenote_category":0,"footnotes":""},"categories":[33,70,69,22],"tags":[54,581,3034,955,79],"class_list":["post-32692","post","type-post","status-publish","format-standard","has-post-thumbnail","hentry","category-bahia","category-destaques","category-noticias2","category-seguranca","tag-bahia","tag-comandante-geral","tag-concurso-publico","tag-convocacao","tag-policia-militar"],"aioseo_notices":[],"_links":{"self":[{"href":"https:\/\/www.portalalerta.com.br\/index.php\/wp-json\/wp\/v2\/posts\/32692","targetHints":{"allow":["GET"]}}],"collection":[{"href":"https:\/\/www.portalalerta.com.br\/index.php\/wp-json\/wp\/v2\/posts"}],"about":[{"href":"https:\/\/www.portalalerta.com.br\/index.php\/wp-json\/wp\/v2\/types\/post"}],"author":[{"embeddable":true,"href":"https:\/\/www.portalalerta.com.br\/index.php\/wp-json\/wp\/v2\/users\/2"}],"replies":[{"embeddable":true,"href":"https:\/\/www.portalalerta.com.br\/index.php\/wp-json\/wp\/v2\/comments?post=32692"}],"version-history":[{"count":1,"href":"https:\/\/www.portalalerta.com.br\/index.php\/wp-json\/wp\/v2\/posts\/32692\/revisions"}],"predecessor-version":[{"id":32696,"href":"https:\/\/www.portalalerta.com.br\/index.php\/wp-json\/wp\/v2\/posts\/32692\/revisions\/32696"}],"wp:featuredmedia":[{"embeddable":true,"href":"https:\/\/www.portalalerta.com.br\/index.php\/wp-json\/wp\/v2\/media\/32465"}],"wp:attachment":[{"href":"https:\/\/www.portalalerta.com.br\/index.php\/wp-json\/wp\/v2\/media?parent=32692"}],"wp:term":[{"taxonomy":"category","embeddable":true,"href":"https:\/\/www.portalalerta.com.br\/index.php\/wp-json\/wp\/v2\/categories?post=32692"},{"taxonomy":"post_tag","embeddable":true,"href":"https:\/\/www.portalalerta.com.br\/index.php\/wp-json\/wp\/v2\/tags?post=32692"}],"curies":[{"name":"wp","href":"https:\/\/api.w.org\/{rel}","templated":true}]}}