{"id":32694,"date":"2021-02-08T10:24:05","date_gmt":"2021-02-08T13:24:05","guid":{"rendered":"https:\/\/www.portalalerta.com.br\/?p=32694"},"modified":"2021-02-08T10:24:18","modified_gmt":"2021-02-08T13:24:18","slug":"policia-civil-de-tobias-barreto-se-estoura-desmanche-em-itapicuru-ba-e-recupera-motos-suspeito-foi-preso","status":"publish","type":"post","link":"https:\/\/www.portalalerta.com.br\/index.php\/2021\/02\/08\/policia-civil-de-tobias-barreto-se-estoura-desmanche-em-itapicuru-ba-e-recupera-motos-suspeito-foi-preso\/","title":{"rendered":"Pol\u00edcia Civil de Tobias Barreto-SE estoura desmanche em Itapicuru-BA, e recupera motos. Suspeito foi preso!"},"content":{"rendered":"\n<p>No in\u00edcio da tarde de sexta-feira, 05\/02\/2021, policiais civis coordenados pelo\u00a0delegado Dr. F\u00e1bio Alan Pimentel\u00a0deflagraram uma opera\u00e7\u00e3o que visava prender o homem suspeito de cometer dezenas de furtos a motocicletas em Tobias Barreto-SE nos \u00faltimos meses.<\/p>\n\n\n\n<!--more-->\n\n\n\n<p>Inicialmente os policiais localizaram um desmanche no povoado Tapera do Limo, munic\u00edpio de Itapicuru-BA e no local prenderam em flagrante um homem identificado como Manass\u00e9s, 31 anos, que era o respons\u00e1vel e tamb\u00e9m apontado pela pol\u00edcia como autor de dezenas de furtos na cidade.<\/p>\n\n\n\n<p>No desmanche que funcionava num quarto da casa dos pais do suspeito, os policiais civis encontraram in\u00fameras pe\u00e7as de motos, bem como placas de identifica\u00e7\u00e3o.<\/p>\n\n\n\n<div data-mvc-banner=\"leaderboard\"><\/div><script type=\"text\/javascript\"> (function(storeName) { var b = document.createElement('script'); b.type = 'text\/javascript'; b.async = true; b.src = 'https:\/\/www.magazinevoce.com.br\/js\/banner.js?store='+ storeName; var s = document.getElementsByTagName('script')[0]; s.parentNode.insertBefore(b, s); })('Nvscosta'); <\/script>\n\n\n\n<p>Durante o cometimento do crime, &nbsp;o suspeito tamb\u00e9m utilizava-se de um menor que foi identificado e conduzido \u00e0 delegacia para subtrair as motocicletas.<\/p>\n\n\n\n<p>Na delegacia Manass\u00e9s confessou a pr\u00e1tica do furto atribuindo para si a autoria de 14 furtos, realizados no centro de Tobias Berreto, regi\u00e3o da feira livre bem como no distrito de Sambaiba, munic\u00edpio de Itapicuru.<\/p>\n\n\n\n<p>As motos ap\u00f3s serem furtadas eram vendidas para receptadores por valores bem abaixo do mercado ou desmanchadas para as pe\u00e7as serem comercializadas.<\/p>\n\n\n\n<p>No total a pol\u00edcia recuperou 4 ve\u00edculos. Al\u00e9m de Manass\u00e9s foi preso em flagrante por recepta\u00e7\u00e3o um homem identificado pelo prenome de Ra\u00ed que teria adquirido junto ao mesmo uma motocicleta de origem il\u00edcita.<\/p>\n\n\n\n<p>Segundo o delegado, a opera\u00e7\u00e3o foi bastante positiva pois deu uma resposta a sociedade para os furtos que vinham acontecendo na regi\u00e3o.<\/p>\n\n\n\n<p>Ainda segundo Dr. F\u00e1bio Alan\u00a0outras pessoas que faziam parte do grupo criminoso ser\u00e3o identificadas bem como aquelas que adquiriram as motocicletas ou pe\u00e7as produto de furto e responder\u00e3o pelos crimes.<\/p>\n\n\n\n<div class=\"wp-block-image\"><figure class=\"aligncenter size-large\"><img fetchpriority=\"high\" decoding=\"async\" width=\"320\" height=\"259\" src=\"https:\/\/www.portalalerta.com.br\/wp-content\/uploads\/2021\/02\/Manasses.jpg\" alt=\"\" class=\"wp-image-32699\" srcset=\"https:\/\/www.portalalerta.com.br\/wp-content\/uploads\/2021\/02\/Manasses.jpg 320w, https:\/\/www.portalalerta.com.br\/wp-content\/uploads\/2021\/02\/Manasses-297x240.jpg 297w, https:\/\/www.portalalerta.com.br\/wp-content\/uploads\/2021\/02\/Manasses-180x146.jpg 180w, https:\/\/www.portalalerta.com.br\/wp-content\/uploads\/2021\/02\/Manasses-50x40.jpg 50w, https:\/\/www.portalalerta.com.br\/wp-content\/uploads\/2021\/02\/Manasses-93x75.jpg 93w\" sizes=\"(max-width: 320px) 100vw, 320px\" \/><\/figure><\/div>\n\n\n\n<p><em>Fonte: Itapicuru Not\u00edcias<\/em><\/p>\n\n\n\n<p><em>Com informa\u00e7\u00f5es: O rapid\u00e3o da not\u00edcia\u00a0<\/em><\/p>\n","protected":false},"excerpt":{"rendered":"<p>No in\u00edcio da tarde de sexta-feira, 05\/02\/2021, policiais civis coordenados pelo\u00a0delegado Dr. F\u00e1bio Alan Pimentel\u00a0deflagraram uma opera\u00e7\u00e3o que visava prender o homem suspeito de cometer dezenas de furtos a motocicletas em Tobias Barreto-SE nos \u00faltimos meses.<\/p>\n","protected":false},"author":2,"featured_media":32700,"comment_status":"open","ping_status":"open","sticky":false,"template":"","format":"standard","meta":{"om_disable_all_campaigns":false,"_monsterinsights_skip_tracking":false,"_monsterinsights_sitenote_active":false,"_monsterinsights_sitenote_note":"","_monsterinsights_sitenote_category":0,"footnotes":""},"categories":[33,34,70,18,69,32,22],"tags":[1479,132,101,172,4220],"class_list":["post-32694","post","type-post","status-publish","format-standard","has-post-thumbnail","hentry","category-bahia","category-brasil","category-destaques","category-itapicuru","category-noticias2","category-regiao","category-seguranca","tag-desmanche-de-veiculo","tag-itapicuru","tag-roubo-de-moto","tag-tobias-barreto","tag-veiculos-recuperados-2"],"aioseo_notices":[],"_links":{"self":[{"href":"https:\/\/www.portalalerta.com.br\/index.php\/wp-json\/wp\/v2\/posts\/32694","targetHints":{"allow":["GET"]}}],"collection":[{"href":"https:\/\/www.portalalerta.com.br\/index.php\/wp-json\/wp\/v2\/posts"}],"about":[{"href":"https:\/\/www.portalalerta.com.br\/index.php\/wp-json\/wp\/v2\/types\/post"}],"author":[{"embeddable":true,"href":"https:\/\/www.portalalerta.com.br\/index.php\/wp-json\/wp\/v2\/users\/2"}],"replies":[{"embeddable":true,"href":"https:\/\/www.portalalerta.com.br\/index.php\/wp-json\/wp\/v2\/comments?post=32694"}],"version-history":[{"count":1,"href":"https:\/\/www.portalalerta.com.br\/index.php\/wp-json\/wp\/v2\/posts\/32694\/revisions"}],"predecessor-version":[{"id":32701,"href":"https:\/\/www.portalalerta.com.br\/index.php\/wp-json\/wp\/v2\/posts\/32694\/revisions\/32701"}],"wp:featuredmedia":[{"embeddable":true,"href":"https:\/\/www.portalalerta.com.br\/index.php\/wp-json\/wp\/v2\/media\/32700"}],"wp:attachment":[{"href":"https:\/\/www.portalalerta.com.br\/index.php\/wp-json\/wp\/v2\/media?parent=32694"}],"wp:term":[{"taxonomy":"category","embeddable":true,"href":"https:\/\/www.portalalerta.com.br\/index.php\/wp-json\/wp\/v2\/categories?post=32694"},{"taxonomy":"post_tag","embeddable":true,"href":"https:\/\/www.portalalerta.com.br\/index.php\/wp-json\/wp\/v2\/tags?post=32694"}],"curies":[{"name":"wp","href":"https:\/\/api.w.org\/{rel}","templated":true}]}}