{"id":32761,"date":"2021-02-10T07:00:00","date_gmt":"2021-02-10T10:00:00","guid":{"rendered":"https:\/\/www.portalalerta.com.br\/?p=32761"},"modified":"2021-02-09T21:36:33","modified_gmt":"2021-02-10T00:36:33","slug":"manaus-pode-se-tornar-um-problema-de-saude-publica-mundial-diz-pesquisador-sobre-falta-de-medidas-restritivas","status":"publish","type":"post","link":"https:\/\/www.portalalerta.com.br\/index.php\/2021\/02\/10\/manaus-pode-se-tornar-um-problema-de-saude-publica-mundial-diz-pesquisador-sobre-falta-de-medidas-restritivas\/","title":{"rendered":"\u2018Manaus pode se tornar um problema de sa\u00fade p\u00fablica mundial\u2019, diz pesquisador sobre falta de medidas restritivas"},"content":{"rendered":"\n<p>Para pesquisador, Amazonas deve sofrer um colapso do turismo e da ind\u00fastria pela falta de medidas na crise de sa\u00fade p\u00fablica. Governador Wilson Lima flexibilizou o funcionamento de setores do com\u00e9rcio, permitindo a venda por delivery e restringindo a circula\u00e7\u00e3o de pessoas entre 19h e 6h.<\/p>\n\n\n\n<!--more-->\n\n\n\n<p>A aus\u00eancia de um isolamento social mais r\u00edgido em Manaus pode criar condi\u00e7\u00f5es para o\u00a0surgimento de novas variantes\u00a0de coronav\u00edrus, alerta o cientista Lucas Ferrante, pesquisador do programa de biologia do Instituto Nacional de Pesquisas da Amaz\u00f4nia (Inpa).<\/p>\n\n\n\n<p>\u201cA\u00a0circula\u00e7\u00e3o do v\u00edrus em Manaus est\u00e1 desenfreada\u00a0e isso pode propiciar inclusive novas muta\u00e7\u00f5es tornando uma linhagem resistente \u00e0 vacina\u201d, afirmou Ferrante. \u201cO caso de Manaus pode se tornar um problema de sa\u00fade p\u00fablica mundial\u201d.<\/p>\n\n\n\n<div class=\"wp-block-image\"><figure class=\"alignleft size-large is-resized\"><img fetchpriority=\"high\" decoding=\"async\" src=\"https:\/\/www.portalalerta.com.br\/wp-content\/uploads\/2018\/07\/05elab.jpg\" alt=\"\" class=\"wp-image-9394\" width=\"349\" height=\"262\" srcset=\"https:\/\/www.portalalerta.com.br\/wp-content\/uploads\/2018\/07\/05elab.jpg 400w, https:\/\/www.portalalerta.com.br\/wp-content\/uploads\/2018\/07\/05elab-320x240.jpg 320w, https:\/\/www.portalalerta.com.br\/wp-content\/uploads\/2018\/07\/05elab-195x146.jpg 195w, https:\/\/www.portalalerta.com.br\/wp-content\/uploads\/2018\/07\/05elab-50x38.jpg 50w, https:\/\/www.portalalerta.com.br\/wp-content\/uploads\/2018\/07\/05elab-100x75.jpg 100w\" sizes=\"(max-width: 349px) 100vw, 349px\" \/><\/figure><\/div>\n\n\n\n<p>No decreto em vig\u00eancia atualmente e v\u00e1lido at\u00e9 o dia 14 de fevereiro, o governador Wilson Lima\u00a0flexibilizou o funcionamento de alguns setores do com\u00e9rcio, permitindo a venda por delivery e restringindo a circula\u00e7\u00e3o de pessoas em espa\u00e7os e vias p\u00fablicas entre 19h e 6h.<\/p>\n\n\n\n<p>No ponto de vista do pesquisador, a abertura atual est\u00e1 acontecendo em um momento em que o fechamento deveria ser ainda mais r\u00edgido. Ele afirma que nunca houve, de fato, um isolamento rigoroso na cidade e que as medidas restritivas n\u00e3o conseguem frear a transmiss\u00e3o comunit\u00e1ria. Para Ferrante, a falta do isolamento social r\u00edgido pode inclusive prejudicar economicamente a regi\u00e3o a longo prazo.<\/p>\n\n\n\n<p>\u201cO estado do Amazonas deve sofrer um colapso do turismo e da ind\u00fastria por conta de medidas que n\u00e3o est\u00e3o sendo aplicadas para a conten\u00e7\u00e3o dessa crise de sa\u00fade p\u00fablica.&nbsp;N\u00f3s precisamos frear o avan\u00e7o dessa pandemia, porque caso a gente tenha uma variante resistente \u00e0 vacina agora em 2021, n\u00f3s vamos ver oportunidades de n\u00edvel mundial se fechando economicamente para Manaus\u201d.<\/p>\n\n\n\n<p>No dia 21 de janeiro, o cientista conta que teve uma reuni\u00e3o com o prefeito David Almeida, recomendando um&nbsp;<em>lockdown<\/em>&nbsp;extensivo para a cidade.<\/p>\n\n\n\n<p>\u201cO aviso da segunda onda estava amplamente difundido,&nbsp;<strong>n\u00e3o d\u00e1 para utilizar a desculpa que foi a nova variante que surgiu que causou a nova onda<\/strong>, at\u00e9 porque essa variante ela surgiu entre agosto e janeiro. Ela \u00e9 muito recente para ter propiciado isso e os danos que essa variante vai causar eles ainda ser\u00e3o vistos\u201d, afirmou.<\/p>\n\n\n\n<p>Para o restabelecimento econ\u00f4mico de Manaus, o cientista defende que \u00e9 necess\u00e1rio realizar um isolamento social de 20 dias a um m\u00eas, para que seja evitada a ocorr\u00eancia de uma terceira onda em 2021.<\/p>\n\n\n\n<p>No ano passado, ap\u00f3s a primeira onda de Covid-19 em Manaus,\u00a0Ferrante chegou a coordenar uma nota t\u00e9cnica, a pedido do Minist\u00e9rio P\u00fablico do Amazonas, para recomendar restri\u00e7\u00f5es na circula\u00e7\u00e3o em junho &#8211; mesma \u00e9poca em que o governador havia decidido reabrir o com\u00e9rcio no estado.\u00a0<strong>Os modelos epidemiol\u00f3gicos que previam a segunda onda foram apresentados para a Funda\u00e7\u00e3o de Vigil\u00e2ncia em Sa\u00fade e em reuni\u00f5es na Assembleia Legislativa do Amazonas.<\/strong><\/p>\n\n\n\n<p>Ainda em junho, o grupo de pesquisa do qual o cientista faz parte publicou um trabalho na revista Nature,\u00a0alertando que Manaus passaria por uma segunda onda de Covid-19 no final do ano passado\u00a0e in\u00edcio de 2021 justamente pela neglig\u00eancia de n\u00e3o adotar um isolamento social r\u00edgido.<\/p>\n\n\n\n<p><em>Fonte: G1<\/em><\/p>\n","protected":false},"excerpt":{"rendered":"<p>Para pesquisador, Amazonas deve sofrer um colapso do turismo e da ind\u00fastria pela falta de medidas na crise de sa\u00fade p\u00fablica. Governador Wilson Lima flexibilizou o funcionamento de setores do com\u00e9rcio, permitindo a venda por delivery e restringindo a circula\u00e7\u00e3o de pessoas entre 19h e 6h.<\/p>\n","protected":false},"author":2,"featured_media":32765,"comment_status":"open","ping_status":"open","sticky":false,"template":"","format":"standard","meta":{"om_disable_all_campaigns":false,"_monsterinsights_skip_tracking":false,"_monsterinsights_sitenote_active":false,"_monsterinsights_sitenote_note":"","_monsterinsights_sitenote_category":0,"footnotes":""},"categories":[34,70,69,19],"tags":[93,3429,3486,1582,61],"class_list":["post-32761","post","type-post","status-publish","format-standard","has-post-thumbnail","hentry","category-brasil","category-destaques","category-noticias2","category-saude","tag-brasil","tag-coronavirus","tag-covid-19","tag-manaus","tag-saude"],"aioseo_notices":[],"_links":{"self":[{"href":"https:\/\/www.portalalerta.com.br\/index.php\/wp-json\/wp\/v2\/posts\/32761","targetHints":{"allow":["GET"]}}],"collection":[{"href":"https:\/\/www.portalalerta.com.br\/index.php\/wp-json\/wp\/v2\/posts"}],"about":[{"href":"https:\/\/www.portalalerta.com.br\/index.php\/wp-json\/wp\/v2\/types\/post"}],"author":[{"embeddable":true,"href":"https:\/\/www.portalalerta.com.br\/index.php\/wp-json\/wp\/v2\/users\/2"}],"replies":[{"embeddable":true,"href":"https:\/\/www.portalalerta.com.br\/index.php\/wp-json\/wp\/v2\/comments?post=32761"}],"version-history":[{"count":1,"href":"https:\/\/www.portalalerta.com.br\/index.php\/wp-json\/wp\/v2\/posts\/32761\/revisions"}],"predecessor-version":[{"id":32766,"href":"https:\/\/www.portalalerta.com.br\/index.php\/wp-json\/wp\/v2\/posts\/32761\/revisions\/32766"}],"wp:featuredmedia":[{"embeddable":true,"href":"https:\/\/www.portalalerta.com.br\/index.php\/wp-json\/wp\/v2\/media\/32765"}],"wp:attachment":[{"href":"https:\/\/www.portalalerta.com.br\/index.php\/wp-json\/wp\/v2\/media?parent=32761"}],"wp:term":[{"taxonomy":"category","embeddable":true,"href":"https:\/\/www.portalalerta.com.br\/index.php\/wp-json\/wp\/v2\/categories?post=32761"},{"taxonomy":"post_tag","embeddable":true,"href":"https:\/\/www.portalalerta.com.br\/index.php\/wp-json\/wp\/v2\/tags?post=32761"}],"curies":[{"name":"wp","href":"https:\/\/api.w.org\/{rel}","templated":true}]}}