{"id":32764,"date":"2021-02-10T07:03:00","date_gmt":"2021-02-10T10:03:00","guid":{"rendered":"https:\/\/www.portalalerta.com.br\/?p=32764"},"modified":"2021-02-10T08:16:13","modified_gmt":"2021-02-10T11:16:13","slug":"prefeitura-de-ribeira-do-pombal-ba-e-sindicato-buscam-um-acordo-para-o-reajuste-salarial-dos-professores","status":"publish","type":"post","link":"https:\/\/www.portalalerta.com.br\/index.php\/2021\/02\/10\/prefeitura-de-ribeira-do-pombal-ba-e-sindicato-buscam-um-acordo-para-o-reajuste-salarial-dos-professores\/","title":{"rendered":"Prefeitura de Ribeira do Pombal-BA e Sindicato, buscam um acordo para o reajuste salarial dos professores"},"content":{"rendered":"\n<p>O munic\u00edpio de Ribeira do Pombal-BA sinalizou positivamente para um poss\u00edvel reajuste salarial dos profissionais de educa\u00e7\u00e3o da cidade.<\/p>\n\n\n\n<!--more-->\n\n\n\n<p>Em of\u00edcio destinado ao SINPROERP (Sindicato dos Profissionais de Educa\u00e7\u00e3o da Rede de Ensino do Munic\u00edpio de Ribeira do Pombal-BA) prefeito Eriksson Silva marcou nesta ter\u00e7a-feira, 09, uma reuni\u00e3o para o pr\u00f3ximo dia 18, onde a pauta ser\u00e1 o referido reajuste. Ainda na nota, Eriksson reafirmou o Compromisso com a Educa\u00e7\u00e3o Municipal, onde ressaltou as melhorias da estrutura, qualidade de ensino, e remunera\u00e7\u00e3o justa aos profissionais, que segundo ele \u201cdesempenham o nobre labor de ensina\u201d.<\/p>\n\n\n\n<div data-mvc-banner=\"leaderboard\"><\/div><script type=\"text\/javascript\"> (function(storeName) { var b = document.createElement('script'); b.type = 'text\/javascript'; b.async = true; b.src = 'https:\/\/www.magazinevoce.com.br\/js\/banner.js?store='+ storeName; var s = document.getElementsByTagName('script')[0]; s.parentNode.insertBefore(b, s); })('Nvscosta'); <\/script>\n\n\n\n<p>Em conversa com o Professor Adielton Matos, Presidente do SINPROERP, o mesmo se mostrou confiante, onde confidenciou que j\u00e1 teve outras reuni\u00f5es com a gest\u00e3o municipal, onde est\u00e3o sendo discutidos detalhes, entre eles o impacto financeiro ao munic\u00edpio ap\u00f3s o reajuste. Ainda ao PORTAL ALERTA Adielton relatou que espera chegar a um acordo no que se refere a porcentagem j\u00e1 na reuni\u00e3o do dia 18.<\/p>\n\n\n\n<p>De acordo com informa\u00e7\u00f5es preliminares, ap\u00f3s o fechamento do acordo, a Proposta ser\u00e1 encaminhada \u00e0 C\u00e2mara Municipal, onde certamente ser\u00e1 aprovada.<\/p>\n\n\n\n<p><em>Reda\u00e7\u00e3o: Portal Alerta<\/em><\/p>\n\n\n\n<p><strong><em>#fiqueemcasa<\/em><\/strong><\/p>\n\n\n\n<p><strong><em>#usemascaras<\/em><\/strong><\/p>\n","protected":false},"excerpt":{"rendered":"<p>O munic\u00edpio de Ribeira do Pombal-BA sinalizou positivamente para um poss\u00edvel reajuste salarial dos profissionais de educa\u00e7\u00e3o da cidade.<\/p>\n","protected":false},"author":2,"featured_media":32784,"comment_status":"open","ping_status":"open","sticky":false,"template":"","format":"standard","meta":{"om_disable_all_campaigns":false,"_monsterinsights_skip_tracking":false,"_monsterinsights_sitenote_active":false,"_monsterinsights_sitenote_note":"","_monsterinsights_sitenote_category":0,"footnotes":""},"categories":[70,20,69,21,32,3],"tags":[140,145,184,2197,47,715,1511],"class_list":["post-32764","post","type-post","status-publish","format-standard","has-post-thumbnail","hentry","category-destaques","category-educacao","category-noticias2","category-politica","category-regiao","category-ribeira-do-pombal","tag-educacao","tag-prefeitura","tag-professores","tag-reajuste-salarial","tag-ribeira-do-pombal","tag-sindicato","tag-sinproerp"],"aioseo_notices":[],"_links":{"self":[{"href":"https:\/\/www.portalalerta.com.br\/index.php\/wp-json\/wp\/v2\/posts\/32764","targetHints":{"allow":["GET"]}}],"collection":[{"href":"https:\/\/www.portalalerta.com.br\/index.php\/wp-json\/wp\/v2\/posts"}],"about":[{"href":"https:\/\/www.portalalerta.com.br\/index.php\/wp-json\/wp\/v2\/types\/post"}],"author":[{"embeddable":true,"href":"https:\/\/www.portalalerta.com.br\/index.php\/wp-json\/wp\/v2\/users\/2"}],"replies":[{"embeddable":true,"href":"https:\/\/www.portalalerta.com.br\/index.php\/wp-json\/wp\/v2\/comments?post=32764"}],"version-history":[{"count":1,"href":"https:\/\/www.portalalerta.com.br\/index.php\/wp-json\/wp\/v2\/posts\/32764\/revisions"}],"predecessor-version":[{"id":32774,"href":"https:\/\/www.portalalerta.com.br\/index.php\/wp-json\/wp\/v2\/posts\/32764\/revisions\/32774"}],"wp:featuredmedia":[{"embeddable":true,"href":"https:\/\/www.portalalerta.com.br\/index.php\/wp-json\/wp\/v2\/media\/32784"}],"wp:attachment":[{"href":"https:\/\/www.portalalerta.com.br\/index.php\/wp-json\/wp\/v2\/media?parent=32764"}],"wp:term":[{"taxonomy":"category","embeddable":true,"href":"https:\/\/www.portalalerta.com.br\/index.php\/wp-json\/wp\/v2\/categories?post=32764"},{"taxonomy":"post_tag","embeddable":true,"href":"https:\/\/www.portalalerta.com.br\/index.php\/wp-json\/wp\/v2\/tags?post=32764"}],"curies":[{"name":"wp","href":"https:\/\/api.w.org\/{rel}","templated":true}]}}