{"id":32767,"date":"2021-02-10T07:01:00","date_gmt":"2021-02-10T10:01:00","guid":{"rendered":"https:\/\/www.portalalerta.com.br\/?p=32767"},"modified":"2021-02-09T21:50:19","modified_gmt":"2021-02-10T00:50:19","slug":"homem-e-preso-ao-ser-flagrado-com-arma-de-fogo-em-araci-ba","status":"publish","type":"post","link":"https:\/\/www.portalalerta.com.br\/index.php\/2021\/02\/10\/homem-e-preso-ao-ser-flagrado-com-arma-de-fogo-em-araci-ba\/","title":{"rendered":"Homem \u00e9 preso ao ser flagrado com arma de fogo, em Araci-BA"},"content":{"rendered":"\n<p>Policiais Civis de Araci-BA prenderam em flagrante, &nbsp;um homem de 48 anos de idade, na noite da \u00faltima segunda-feira (08), no referido munic\u00edpio. &nbsp;<\/p>\n\n\n\n<!--more-->\n\n\n\n<div class=\"wp-block-image\"><figure class=\"aligncenter size-large\"><img fetchpriority=\"high\" decoding=\"async\" width=\"720\" height=\"181\" src=\"https:\/\/www.portalalerta.com.br\/wp-content\/uploads\/2018\/02\/Auto-Escola-Nobre.jpg\" alt=\"\" class=\"wp-image-4869\" srcset=\"https:\/\/www.portalalerta.com.br\/wp-content\/uploads\/2018\/02\/Auto-Escola-Nobre.jpg 720w, https:\/\/www.portalalerta.com.br\/wp-content\/uploads\/2018\/02\/Auto-Escola-Nobre-260x65.jpg 260w, https:\/\/www.portalalerta.com.br\/wp-content\/uploads\/2018\/02\/Auto-Escola-Nobre-50x13.jpg 50w, https:\/\/www.portalalerta.com.br\/wp-content\/uploads\/2018\/02\/Auto-Escola-Nobre-150x38.jpg 150w\" sizes=\"(max-width: 720px) 100vw, 720px\" \/><\/figure><\/div>\n\n\n\n<p>De acordo com Dr. Thiago Pessoa, Delegado Titular da cidade, a pris\u00e3o ocorreu no bairro Munic\u00edpio, enquanto os investigadores apuravam den\u00fancias de tr\u00e1fico de arma de fogo. Com o abordado, foi encontrado um rev\u00f3lver cal. 38, contendo cinco muni\u00e7\u00f5es intactas.<br><br>O acusado foi levado \u00e0 Delegacia, enquanto o rev\u00f3lver foi encaminhado \u00e0 per\u00edcia.<\/p>\n\n\n\n<p><em>Fonte: Cleriston Silva<\/em><\/p>\n","protected":false},"excerpt":{"rendered":"<p>Policiais Civis de Araci-BA prenderam em flagrante, &nbsp;um homem de 48 anos de idade, na noite da \u00faltima segunda-feira (08), no referido munic\u00edpio. &nbsp;<\/p>\n","protected":false},"author":2,"featured_media":32768,"comment_status":"open","ping_status":"open","sticky":false,"template":"","format":"standard","meta":{"om_disable_all_campaigns":false,"_monsterinsights_skip_tracking":false,"_monsterinsights_sitenote_active":false,"_monsterinsights_sitenote_note":"","_monsterinsights_sitenote_category":0,"footnotes":""},"categories":[41,70,69,32,22],"tags":[48,122,83,77,651],"class_list":["post-32767","post","type-post","status-publish","format-standard","has-post-thumbnail","hentry","category-araci","category-destaques","category-noticias2","category-regiao","category-seguranca","tag-araci","tag-policia-civil","tag-porte-ilegal-de-arma-de-fogo","tag-preso","tag-trafico-de-armas"],"aioseo_notices":[],"_links":{"self":[{"href":"https:\/\/www.portalalerta.com.br\/index.php\/wp-json\/wp\/v2\/posts\/32767","targetHints":{"allow":["GET"]}}],"collection":[{"href":"https:\/\/www.portalalerta.com.br\/index.php\/wp-json\/wp\/v2\/posts"}],"about":[{"href":"https:\/\/www.portalalerta.com.br\/index.php\/wp-json\/wp\/v2\/types\/post"}],"author":[{"embeddable":true,"href":"https:\/\/www.portalalerta.com.br\/index.php\/wp-json\/wp\/v2\/users\/2"}],"replies":[{"embeddable":true,"href":"https:\/\/www.portalalerta.com.br\/index.php\/wp-json\/wp\/v2\/comments?post=32767"}],"version-history":[{"count":1,"href":"https:\/\/www.portalalerta.com.br\/index.php\/wp-json\/wp\/v2\/posts\/32767\/revisions"}],"predecessor-version":[{"id":32769,"href":"https:\/\/www.portalalerta.com.br\/index.php\/wp-json\/wp\/v2\/posts\/32767\/revisions\/32769"}],"wp:featuredmedia":[{"embeddable":true,"href":"https:\/\/www.portalalerta.com.br\/index.php\/wp-json\/wp\/v2\/media\/32768"}],"wp:attachment":[{"href":"https:\/\/www.portalalerta.com.br\/index.php\/wp-json\/wp\/v2\/media?parent=32767"}],"wp:term":[{"taxonomy":"category","embeddable":true,"href":"https:\/\/www.portalalerta.com.br\/index.php\/wp-json\/wp\/v2\/categories?post=32767"},{"taxonomy":"post_tag","embeddable":true,"href":"https:\/\/www.portalalerta.com.br\/index.php\/wp-json\/wp\/v2\/tags?post=32767"}],"curies":[{"name":"wp","href":"https:\/\/api.w.org\/{rel}","templated":true}]}}