{"id":32770,"date":"2021-02-10T07:02:00","date_gmt":"2021-02-10T10:02:00","guid":{"rendered":"https:\/\/www.portalalerta.com.br\/?p=32770"},"modified":"2021-02-09T22:06:40","modified_gmt":"2021-02-10T01:06:40","slug":"dois-fugitivos-do-presidio-de-paulo-afonso-morrem-em-confronto-com-a-policia-em-biritinga-ba","status":"publish","type":"post","link":"https:\/\/www.portalalerta.com.br\/index.php\/2021\/02\/10\/dois-fugitivos-do-presidio-de-paulo-afonso-morrem-em-confronto-com-a-policia-em-biritinga-ba\/","title":{"rendered":"Dois fugitivos do pres\u00eddio de Paulo Afonso morrem em confronto com a Pol\u00edcia em Biritinga-BA"},"content":{"rendered":"\n<p>Dois presos que fugiram do Conjunto Penal de Paulo Afonso na madrugada de segunda-feira (8) morreram durante troca de tiros com policiais da Companhia de Emprego T\u00e1tico Operacional (CETO) do 16\u00ba BPM por volta das 11h desta ter\u00e7a-feira (9). O confronto aconteceu na zona rural de Biritinga-BA. De acordo com a Pol\u00edcia Militar, os homens foram socorridos ao Hospital Municipal de Serrinha, mas n\u00e3o resistiram aos ferimentos.<\/p>\n\n\n\n<!--more-->\n\n\n\n<p><br><br>De acordo com informa\u00e7\u00f5es, o paradeiro de Sandro Silva Nascimento, de 24 anos, natural de Serrinha, e Lucas Renan Pereira de Mendon\u00e7a, de 25, natural de Paulo Afonso, foi descoberto a partir da den\u00fancia de que dois homens estavam escondidos em uma casa localizada no povoado de Candeal.<br><br>Ainda segundo relatos, ao avistar a viatura do t\u00e1tico, os criminosos efetuaram disparos de arma de fogo em dire\u00e7\u00e3o \u00e0 equipe e fugiram por uma \u00e1rea de mata. Houve revide e a voz de parada, mas eles ignoraram e deram continuidade \u00e0 fuga. Os agentes permaneceram no local realizando buscas e houve um novo confronto.<\/p>\n\n\n\n<div class=\"wp-block-image\"><figure class=\"aligncenter size-large\"><img decoding=\"async\" src=\"https:\/\/www.portalalerta.com.br\/wp-content\/uploads\/2021\/01\/Moda-Ver\u00e3o-Real-Cal\u00e7ados-2021.jpeg\" alt=\"\" class=\"wp-image-31690\"\/><\/figure><\/div>\n\n\n\n<p>Foram apreendidos dois rev\u00f3lveres calibre 38 e 11 cartuchos (tr\u00eas intactos e oito deflagrados). Agentes do SOINT (Setor de Intelig\u00eancia da Policia Militar) tamb\u00e9m participaram da a\u00e7\u00e3o.<\/p>\n\n\n\n<div class=\"wp-block-image\"><figure class=\"aligncenter size-large\"><img fetchpriority=\"high\" decoding=\"async\" width=\"530\" height=\"350\" src=\"https:\/\/www.portalalerta.com.br\/wp-content\/uploads\/2021\/02\/confronto-em-Biritinga-2021.1.jpg\" alt=\"\" class=\"wp-image-32771\" srcset=\"https:\/\/www.portalalerta.com.br\/wp-content\/uploads\/2021\/02\/confronto-em-Biritinga-2021.1.jpg 530w, https:\/\/www.portalalerta.com.br\/wp-content\/uploads\/2021\/02\/confronto-em-Biritinga-2021.1-363x240.jpg 363w, https:\/\/www.portalalerta.com.br\/wp-content\/uploads\/2021\/02\/confronto-em-Biritinga-2021.1-221x146.jpg 221w, https:\/\/www.portalalerta.com.br\/wp-content\/uploads\/2021\/02\/confronto-em-Biritinga-2021.1-50x33.jpg 50w, https:\/\/www.portalalerta.com.br\/wp-content\/uploads\/2021\/02\/confronto-em-Biritinga-2021.1-114x75.jpg 114w\" sizes=\"(max-width: 530px) 100vw, 530px\" \/><\/figure><\/div>\n\n\n\n<p><br><br><strong>A Fuga \u2013\u00a0<\/strong>Seis detentos do Conjunto Penal de Paulo Afonso fugiram na madrugada desta segunda-feira (8). Para conseguir fugir, os fugitivos usaram peda\u00e7os de ferro para fazer buracos na parede e len\u00e7\u00f3is como cordas. Depois escapar da cela, eles pularam o muro. Segundo a dire\u00e7\u00e3o da unidade, um deles foi recapturado na cidade de Jatob\u00e1, em Pernambuco, a 65 km de Paulo Afonso.<br><br>No pres\u00eddio est\u00e3o detidos 490 presos, sendo que a capacidade da carceragem \u00e9 de at\u00e9 410. Os foragidos foram identificados como: Ant\u00f4nio da Hora Silva, Lailton da Silva Batista, Sandro Silva Nascimento, Lucas Renan Pereira de Mendon\u00e7a, Iago Pereira da Silva e Alisson da Concei\u00e7\u00e3o Ribeiro. <\/p>\n\n\n\n<p><strong><em>Fonte: Cleriston Silva <\/em><\/strong><\/p>\n","protected":false},"excerpt":{"rendered":"<p>Dois presos que fugiram do Conjunto Penal de Paulo Afonso na madrugada de segunda-feira (8) morreram durante troca de tiros com policiais da Companhia de Emprego T\u00e1tico Operacional (CETO) do 16\u00ba BPM por volta das 11h desta ter\u00e7a-feira (9). O confronto aconteceu na zona rural de Biritinga-BA. De acordo com a Pol\u00edcia Militar, os homens &hellip;<\/p>\n","protected":false},"author":2,"featured_media":32772,"comment_status":"open","ping_status":"open","sticky":false,"template":"","format":"standard","meta":{"om_disable_all_campaigns":false,"_monsterinsights_skip_tracking":false,"_monsterinsights_sitenote_active":false,"_monsterinsights_sitenote_note":"","_monsterinsights_sitenote_category":0,"footnotes":""},"categories":[33,70,69,22],"tags":[54,794,409,178,137,118,79,268],"class_list":["post-32770","post","type-post","status-publish","format-standard","has-post-thumbnail","hentry","category-bahia","category-destaques","category-noticias2","category-seguranca","tag-bahia","tag-biritinga","tag-ceto","tag-confronto","tag-fuga","tag-paulo-afonso","tag-policia-militar","tag-presidio"],"aioseo_notices":[],"_links":{"self":[{"href":"https:\/\/www.portalalerta.com.br\/index.php\/wp-json\/wp\/v2\/posts\/32770","targetHints":{"allow":["GET"]}}],"collection":[{"href":"https:\/\/www.portalalerta.com.br\/index.php\/wp-json\/wp\/v2\/posts"}],"about":[{"href":"https:\/\/www.portalalerta.com.br\/index.php\/wp-json\/wp\/v2\/types\/post"}],"author":[{"embeddable":true,"href":"https:\/\/www.portalalerta.com.br\/index.php\/wp-json\/wp\/v2\/users\/2"}],"replies":[{"embeddable":true,"href":"https:\/\/www.portalalerta.com.br\/index.php\/wp-json\/wp\/v2\/comments?post=32770"}],"version-history":[{"count":1,"href":"https:\/\/www.portalalerta.com.br\/index.php\/wp-json\/wp\/v2\/posts\/32770\/revisions"}],"predecessor-version":[{"id":32773,"href":"https:\/\/www.portalalerta.com.br\/index.php\/wp-json\/wp\/v2\/posts\/32770\/revisions\/32773"}],"wp:featuredmedia":[{"embeddable":true,"href":"https:\/\/www.portalalerta.com.br\/index.php\/wp-json\/wp\/v2\/media\/32772"}],"wp:attachment":[{"href":"https:\/\/www.portalalerta.com.br\/index.php\/wp-json\/wp\/v2\/media?parent=32770"}],"wp:term":[{"taxonomy":"category","embeddable":true,"href":"https:\/\/www.portalalerta.com.br\/index.php\/wp-json\/wp\/v2\/categories?post=32770"},{"taxonomy":"post_tag","embeddable":true,"href":"https:\/\/www.portalalerta.com.br\/index.php\/wp-json\/wp\/v2\/tags?post=32770"}],"curies":[{"name":"wp","href":"https:\/\/api.w.org\/{rel}","templated":true}]}}