{"id":32775,"date":"2021-02-10T12:00:00","date_gmt":"2021-02-10T15:00:00","guid":{"rendered":"https:\/\/www.portalalerta.com.br\/?p=32775"},"modified":"2021-02-09T23:38:35","modified_gmt":"2021-02-10T02:38:35","slug":"lava-jato-descartou-prisao-de-lula-para-nao-torna-lo-martir-vivo","status":"publish","type":"post","link":"https:\/\/www.portalalerta.com.br\/index.php\/2021\/02\/10\/lava-jato-descartou-prisao-de-lula-para-nao-torna-lo-martir-vivo\/","title":{"rendered":"Lava Jato descartou pris\u00e3o de Lula para n\u00e3o torn\u00e1-lo &#8220;m\u00e1rtir vivo&#8221;"},"content":{"rendered":"\n<p>A for\u00e7a-tarefa da Opera\u00e7\u00e3o Lava Jato cogitou n\u00e3o prender o ex-presidente Luiz In\u00e1cio Lula da Silva (PT) por temer transform\u00e1-lo em \u201cm\u00e1rtir vivo\u201d, revelam di\u00e1logos entre procuradores pelo Telegram que tiveram o sigilo suspenso pelo ministro Ricardo Lewandowski, do STF (Supremo Tribunal Federal).<\/p>\n\n\n\n<!--more-->\n\n\n\n<p>De acordo com reportagem do portal UOL, os di\u00e1logos ocorreram em mar\u00e7o de 2016, quando Lula teve sua nomea\u00e7\u00e3o para ministro-chefe da Casa Civil, pela ent\u00e3o presidente Dilma Rousseff, suspensa pelo ministro do STF Gilmar Mendes.<\/p>\n\n\n\n<div class=\"wp-block-image\"><figure class=\"alignleft size-large is-resized\"><img fetchpriority=\"high\" decoding=\"async\" src=\"https:\/\/www.portalalerta.com.br\/wp-content\/uploads\/2018\/07\/05elab.jpg\" alt=\"\" class=\"wp-image-9394\" width=\"321\" height=\"241\" srcset=\"https:\/\/www.portalalerta.com.br\/wp-content\/uploads\/2018\/07\/05elab.jpg 400w, https:\/\/www.portalalerta.com.br\/wp-content\/uploads\/2018\/07\/05elab-320x240.jpg 320w, https:\/\/www.portalalerta.com.br\/wp-content\/uploads\/2018\/07\/05elab-195x146.jpg 195w, https:\/\/www.portalalerta.com.br\/wp-content\/uploads\/2018\/07\/05elab-50x38.jpg 50w, https:\/\/www.portalalerta.com.br\/wp-content\/uploads\/2018\/07\/05elab-100x75.jpg 100w\" sizes=\"(max-width: 321px) 100vw, 321px\" \/><\/figure><\/div>\n\n\n\n<p>\u201cCaraca!!!\u201d, escreveu o procurador Paulo Galv\u00e3o em um grupo da Lava Jato em aplicativo de mensagens. \u201cD\u00e1-lhe, Gilmar!\u201d, comemorou em seguida a procuradora Jerusa Viecili. Na mesma conversa, de 18 de mar\u00e7o, o procurador Andrey Borges de Mendon\u00e7a sugeriu: \u201cAgora vamos preparar a den\u00fancia e se, at\u00e9 l\u00e1, estiver ok, apresentamos para o Moro\u201d. Na sequ\u00eancia, ele lembrou que o petista tamb\u00e9m poderia ser denunciado em Bras\u00edlia por obstru\u00e7\u00e3o \u00e0 Justi\u00e7a.<\/p>\n\n\n\n<p>Um temor de Mendon\u00e7a era de que a den\u00fancia em Bras\u00edlia \u201cpoderia facilitar a alega\u00e7\u00e3o de conex\u00e3o e de que tudo deveria subir [sair de Curitiba]\u201d: \u201c\u00c9 importante refletir sobre isso. Ter uma posi\u00e7\u00e3o un\u00edssona com o PGR [procurador-geral da Rep\u00fablica, Rodrigo Janot, \u00e0 \u00e9poca] seria bem importante\u201d.<\/p>\n\n\n\n<p>O debate sobre acerto com PGR e o MPF no Distrito Federal a respeito de den\u00fancia teve o apoio de outros procuradores. \u201cTemos que alinhar tudo muito bem com os meninos em Bras\u00edlia e PGR!\u201d, escreveu Roberson Pozzobon.<\/p>\n\n\n\n<p>\u201cConcordo. O PGR agiu muito bem no epis\u00f3dio do grampo e estamos todos no mesmo barco&#8221;, pontuou Diogo Castor de Mattos, tamb\u00e9m se referindo a uma fala de Janot que disse que a intercepta\u00e7\u00e3o de uma conversa telef\u00f4nica entre Lula e Dilma foi \u201clegal\u201d. O \u00e1udio foi divulgado por Moro em 16 de mar\u00e7o e foi uma das bases para brecar a nomea\u00e7\u00e3o de Lula.<\/p>\n\n\n\n<p>Tamb\u00e9m membro da for\u00e7a-tarefa \u00e0 \u00e9poca, o procurador regional Ant\u00f4nio Carlos Welter sugeriu cautela sobre o momento da den\u00fancia contra Lula. A tese dele tinha como base o fato de que o plen\u00e1rio do STF ainda iria avaliar se manteria ou n\u00e3o a decis\u00e3o provis\u00f3ria de Gilmar.<\/p>\n\n\n\n<p>\u201cCar\u00edssimos, acho que temos que ter um pouco de cuidado para n\u00e3o fazer um m\u00e1rtir. Ou pior, um m\u00e1rtir vivo, justificando o discurso do Lula de que se v\u00ea como preso pol\u00edtico\u201d, escreveu Welter no grupo. \u201cPossivelmente a liminar ser\u00e1 levada a plen\u00e1rio em uma semana, talvez na quarta p\u00f3s-P\u00e1scoa. N\u00e3o vejo, assim, necessidade de pressa (embora minha vontade seja noutro sentido).\u201d<\/p>\n\n\n\n<p>\u201cEle [Lula] voltaria encarnando um ressuscitado ap\u00f3s a semana santa. Pior cen\u00e1rio imposs\u00edvel. Sugiro, assim, que seguremos o andor. At\u00e9 porque, se confirmada a liminar, qualquer providencia poderia ser encetada imediatamente\u201d, prosseguiu Welter.<\/p>\n\n\n\n<p>Outro integrante do grupo da Lava Jato (o qual n\u00e3o \u00e9 poss\u00edvel identificar) afirmou: \u201cConcordo com o Welter no sentido de que n\u00e3o h\u00e1 espa\u00e7o pol\u00edtico para um pedido de pris\u00e3o\u201d. \u201cQuanto ao mais, vamos trabalhar na den\u00fancia, como estava previsto. Quando estiver pronta, levamos o caso para o PGR e decidimos.\u201d<\/p>\n\n\n\n<p>Na sequ\u00eancia, Jerusa mostrou um meme em que aparece Moro fechando uma porta e dizendo: \u201cPe\u00e7o licen\u00e7a. Preciso preparar um papel para o japon\u00eas entregar. Valeu, Gilmar!\u201d. A figura faria refer\u00eancia a um suposto pedido de pris\u00e3o preventiva de Lula.<\/p>\n\n\n\n<p>\u201cBrincadeira, gente! Preventiva s\u00f3 quando a den\u00fancia estiver redondinha e com aval da PGR. Creio que s\u00f3 em caso de fato novo, grave, atual e cl\u00e1ssico de pris\u00e3o. Salvo isso, ir\u00edamos perder mais que ganhar\u201d, escreveu a procuradora tamb\u00e9m em 18 de mar\u00e7o.<\/p>\n\n\n\n<p>Dias antes, em 14 de mar\u00e7o, o ent\u00e3o coordenador da for\u00e7a-tarefa, procurador Deltan Dallagnol, tamb\u00e9m j\u00e1 havia indicado que um pedido de pris\u00e3o demandaria novidade. \u201cEm rela\u00e7\u00e3o \u00e0 pris\u00e3o do Lula, somente se houver fato significativo, cl\u00e1ssico e atual para um novo pedido. \u00c9 minha posi\u00e7\u00e3o.\u201d<\/p>\n\n\n\n<p>Procurado pela reportagem, o MPF n\u00e3o se manifestou sobre as mensagens.<\/p>\n\n\n\n<p><em>Fonte: Yahoo Not\u00edcias<\/em><\/p>\n","protected":false},"excerpt":{"rendered":"<p>A for\u00e7a-tarefa da Opera\u00e7\u00e3o Lava Jato cogitou n\u00e3o prender o ex-presidente Luiz In\u00e1cio Lula da Silva (PT) por temer transform\u00e1-lo em \u201cm\u00e1rtir vivo\u201d, revelam di\u00e1logos entre procuradores pelo Telegram que tiveram o sigilo suspenso pelo ministro Ricardo Lewandowski, do STF (Supremo Tribunal Federal).<\/p>\n","protected":false},"author":2,"featured_media":20045,"comment_status":"open","ping_status":"open","sticky":false,"template":"","format":"standard","meta":{"om_disable_all_campaigns":false,"_monsterinsights_skip_tracking":false,"_monsterinsights_sitenote_active":false,"_monsterinsights_sitenote_note":"","_monsterinsights_sitenote_category":0,"footnotes":""},"categories":[34,70,69,21],"tags":[93,247,303,174],"class_list":["post-32775","post","type-post","status-publish","format-standard","has-post-thumbnail","hentry","category-brasil","category-destaques","category-noticias2","category-politica","tag-brasil","tag-lava-jato","tag-lula","tag-prisao"],"aioseo_notices":[],"_links":{"self":[{"href":"https:\/\/www.portalalerta.com.br\/index.php\/wp-json\/wp\/v2\/posts\/32775","targetHints":{"allow":["GET"]}}],"collection":[{"href":"https:\/\/www.portalalerta.com.br\/index.php\/wp-json\/wp\/v2\/posts"}],"about":[{"href":"https:\/\/www.portalalerta.com.br\/index.php\/wp-json\/wp\/v2\/types\/post"}],"author":[{"embeddable":true,"href":"https:\/\/www.portalalerta.com.br\/index.php\/wp-json\/wp\/v2\/users\/2"}],"replies":[{"embeddable":true,"href":"https:\/\/www.portalalerta.com.br\/index.php\/wp-json\/wp\/v2\/comments?post=32775"}],"version-history":[{"count":1,"href":"https:\/\/www.portalalerta.com.br\/index.php\/wp-json\/wp\/v2\/posts\/32775\/revisions"}],"predecessor-version":[{"id":32779,"href":"https:\/\/www.portalalerta.com.br\/index.php\/wp-json\/wp\/v2\/posts\/32775\/revisions\/32779"}],"wp:featuredmedia":[{"embeddable":true,"href":"https:\/\/www.portalalerta.com.br\/index.php\/wp-json\/wp\/v2\/media\/20045"}],"wp:attachment":[{"href":"https:\/\/www.portalalerta.com.br\/index.php\/wp-json\/wp\/v2\/media?parent=32775"}],"wp:term":[{"taxonomy":"category","embeddable":true,"href":"https:\/\/www.portalalerta.com.br\/index.php\/wp-json\/wp\/v2\/categories?post=32775"},{"taxonomy":"post_tag","embeddable":true,"href":"https:\/\/www.portalalerta.com.br\/index.php\/wp-json\/wp\/v2\/tags?post=32775"}],"curies":[{"name":"wp","href":"https:\/\/api.w.org\/{rel}","templated":true}]}}