{"id":32776,"date":"2021-02-10T12:01:00","date_gmt":"2021-02-10T15:01:00","guid":{"rendered":"https:\/\/www.portalalerta.com.br\/?p=32776"},"modified":"2021-02-09T23:46:55","modified_gmt":"2021-02-10T02:46:55","slug":"terceiro-dia-de-caminhada-pedagogica-2021-marca-a-abertura-do-ano-letivo-em-ribeira-do-amparo-ba","status":"publish","type":"post","link":"https:\/\/www.portalalerta.com.br\/index.php\/2021\/02\/10\/terceiro-dia-de-caminhada-pedagogica-2021-marca-a-abertura-do-ano-letivo-em-ribeira-do-amparo-ba\/","title":{"rendered":"Terceiro dia de Caminhada Pedag\u00f3gica 2021 marca a abertura do ano letivo em Ribeira do Amparo-BA"},"content":{"rendered":"\n<p>A secretaria Municipal de Educa\u00e7\u00e3o de Ribeira do Amparo Ba, realizou nesta ter\u00e7a-feira 09\/02 a abertura do ano letivo 2021. Foi uma abertura simb\u00f3lica que contou com a participa\u00e7\u00e3o de representantes do governo municipal, C\u00e2mara de vereadores, gestores escolares, pais, estudantes equipe t\u00e9cnica da secretaria de educa\u00e7\u00e3o e representante da escola estadual no munic\u00edpio.<\/p>\n\n\n\n<!--more-->\n\n\n\n<p>Neste encontro a secret\u00e1ria recebeu das m\u00e3os da Comiss\u00e3o Municipal de Governan\u00e7a o Referencial Curricular de Ribeira do Amparo, documento que nortear\u00e1 o trabalho pedag\u00f3gico nas escolas municipais, momento hist\u00f3rico no munic\u00edpio.\u00a0<\/p>\n\n\n\n<figure class=\"wp-block-image size-large\"><img fetchpriority=\"high\" decoding=\"async\" width=\"720\" height=\"181\" src=\"https:\/\/www.portalalerta.com.br\/wp-content\/uploads\/2018\/02\/Auto-Escola-Nobre.jpg\" alt=\"\" class=\"wp-image-4869\" srcset=\"https:\/\/www.portalalerta.com.br\/wp-content\/uploads\/2018\/02\/Auto-Escola-Nobre.jpg 720w, https:\/\/www.portalalerta.com.br\/wp-content\/uploads\/2018\/02\/Auto-Escola-Nobre-260x65.jpg 260w, https:\/\/www.portalalerta.com.br\/wp-content\/uploads\/2018\/02\/Auto-Escola-Nobre-50x13.jpg 50w, https:\/\/www.portalalerta.com.br\/wp-content\/uploads\/2018\/02\/Auto-Escola-Nobre-150x38.jpg 150w\" sizes=\"(max-width: 720px) 100vw, 720px\" \/><\/figure>\n\n\n\n<p>A professora Robelia Arag\u00e3o que acompanhou a elabora\u00e7\u00e3o deste documento, explorou a tem\u00e1tica: Referencial Curricular: Ressignificando saberes, fortalecendo novas pr\u00e1ticas.<\/p>\n\n\n\n<p>A abertura do ano letivo foi gravada e ser\u00e1 socializada com os demais membros da educa\u00e7\u00e3o em suas respectivas escolas que por conta da n\u00e3o aglomera\u00e7\u00e3o n\u00e3o puderam comparecer neste evento de abertura do ano letivo.<\/p>\n\n\n\n<p><em>Fonte: SECOM \u2013 Ribeira do Amparo<\/em><\/p>\n","protected":false},"excerpt":{"rendered":"<p>A secretaria Municipal de Educa\u00e7\u00e3o de Ribeira do Amparo Ba, realizou nesta ter\u00e7a-feira 09\/02 a abertura do ano letivo 2021. Foi uma abertura simb\u00f3lica que contou com a participa\u00e7\u00e3o de representantes do governo municipal, C\u00e2mara de vereadores, gestores escolares, pais, estudantes equipe t\u00e9cnica da secretaria de educa\u00e7\u00e3o e representante da escola estadual no munic\u00edpio.<\/p>\n","protected":false},"author":2,"featured_media":32780,"comment_status":"open","ping_status":"open","sticky":false,"template":"","format":"standard","meta":{"om_disable_all_campaigns":false,"_monsterinsights_skip_tracking":false,"_monsterinsights_sitenote_active":false,"_monsterinsights_sitenote_note":"","_monsterinsights_sitenote_category":0,"footnotes":""},"categories":[70,20,69,32,16],"tags":[3615,423,4213,140,88,4229],"class_list":["post-32776","post","type-post","status-publish","format-standard","has-post-thumbnail","hentry","category-destaques","category-educacao","category-noticias2","category-regiao","category-ribeira-do-amparo","tag-3615","tag-ano-letivo","tag-caminhada-pedagogica","tag-educacao","tag-ribeira-do-amparo","tag-secretaria-da-educacao"],"aioseo_notices":[],"_links":{"self":[{"href":"https:\/\/www.portalalerta.com.br\/index.php\/wp-json\/wp\/v2\/posts\/32776","targetHints":{"allow":["GET"]}}],"collection":[{"href":"https:\/\/www.portalalerta.com.br\/index.php\/wp-json\/wp\/v2\/posts"}],"about":[{"href":"https:\/\/www.portalalerta.com.br\/index.php\/wp-json\/wp\/v2\/types\/post"}],"author":[{"embeddable":true,"href":"https:\/\/www.portalalerta.com.br\/index.php\/wp-json\/wp\/v2\/users\/2"}],"replies":[{"embeddable":true,"href":"https:\/\/www.portalalerta.com.br\/index.php\/wp-json\/wp\/v2\/comments?post=32776"}],"version-history":[{"count":1,"href":"https:\/\/www.portalalerta.com.br\/index.php\/wp-json\/wp\/v2\/posts\/32776\/revisions"}],"predecessor-version":[{"id":32781,"href":"https:\/\/www.portalalerta.com.br\/index.php\/wp-json\/wp\/v2\/posts\/32776\/revisions\/32781"}],"wp:featuredmedia":[{"embeddable":true,"href":"https:\/\/www.portalalerta.com.br\/index.php\/wp-json\/wp\/v2\/media\/32780"}],"wp:attachment":[{"href":"https:\/\/www.portalalerta.com.br\/index.php\/wp-json\/wp\/v2\/media?parent=32776"}],"wp:term":[{"taxonomy":"category","embeddable":true,"href":"https:\/\/www.portalalerta.com.br\/index.php\/wp-json\/wp\/v2\/categories?post=32776"},{"taxonomy":"post_tag","embeddable":true,"href":"https:\/\/www.portalalerta.com.br\/index.php\/wp-json\/wp\/v2\/tags?post=32776"}],"curies":[{"name":"wp","href":"https:\/\/api.w.org\/{rel}","templated":true}]}}