{"id":32778,"date":"2021-02-10T12:02:00","date_gmt":"2021-02-10T15:02:00","guid":{"rendered":"https:\/\/www.portalalerta.com.br\/?p=32778"},"modified":"2021-02-09T23:52:53","modified_gmt":"2021-02-10T02:52:53","slug":"tse-arquiva-duas-acoes-que-pediam-cassacao-de-bolsonaro","status":"publish","type":"post","link":"https:\/\/www.portalalerta.com.br\/index.php\/2021\/02\/10\/tse-arquiva-duas-acoes-que-pediam-cassacao-de-bolsonaro\/","title":{"rendered":"TSE arquiva duas a\u00e7\u00f5es que pediam cassa\u00e7\u00e3o de Bolsonaro"},"content":{"rendered":"\n<p>O Tribunal Superior Eleitoral (TSE) decidiu nesta ter\u00e7a-feira arquivar duas a\u00e7\u00f5es que pediam a cassa\u00e7\u00e3o da chapa do presidente Jair Bolsonaro e do vice-presidente Hamilton Mour\u00e3o por abuso de poder econ\u00f4mico. As a\u00e7\u00f5es alegavam que a chapa foi beneficiada por supostos disparos em massa de mensagens na elei\u00e7\u00e3o de 2018. Outras duas a\u00e7\u00f5es sobre o mesmo tema ainda ser\u00e3o julgadas pelo tribunal.<\/p>\n\n\n\n<!--more-->\n\n\n\n<p>A decis\u00e3o foi tomada por unanimidade. O voto do relator, Luis Felipe Salom\u00e3o, foi seguido pelos outros seis ministros: Mauro Campbell, Tarcisio Vieira, S\u00e9rgio Banhos, Edson Fachin, Alexandre Moraes e o presidente da Cortes, Lu\u00eds Roberto Barroso. A sess\u00e3o ocorreu por videoconfer\u00eancia.<\/p>\n\n\n\n<div class=\"wp-block-image\"><figure class=\"aligncenter size-large\"><img decoding=\"async\" src=\"https:\/\/www.portalalerta.com.br\/wp-content\/uploads\/2021\/01\/Moda-Ver\u00e3o-Real-Cal\u00e7ados-2021.jpeg\" alt=\"\" class=\"wp-image-31690\"\/><\/figure><\/div>\n\n\n\n<p>As duas a\u00e7\u00f5es de investiga\u00e7\u00e3o judicial eleitoral (Aijes) foram apresentadas pela coliga\u00e7\u00e3o PDT\/Avante, que teve Ciro Gomes como candidato em 2018.<\/p>\n\n\n\n<p>O PDT queria que as duas a\u00e7\u00f5es julgadas nesta ter\u00e7a foram analisadas em conjunto com as outras duas que tratam do mesmo tema. Entretanto, o pedido foi negado pela maioria dos votos. Apenas Fachin concordou com a solicita\u00e7\u00e3o.<\/p>\n\n\n\n<p><em>Fonte: Yahoo Not\u00edcias<\/em><\/p>\n","protected":false},"excerpt":{"rendered":"<p>O Tribunal Superior Eleitoral (TSE) decidiu nesta ter\u00e7a-feira arquivar duas a\u00e7\u00f5es que pediam a cassa\u00e7\u00e3o da chapa do presidente Jair Bolsonaro e do vice-presidente Hamilton Mour\u00e3o por abuso de poder econ\u00f4mico. As a\u00e7\u00f5es alegavam que a chapa foi beneficiada por supostos disparos em massa de mensagens na elei\u00e7\u00e3o de 2018. Outras duas a\u00e7\u00f5es sobre o &hellip;<\/p>\n","protected":false},"author":2,"featured_media":13241,"comment_status":"open","ping_status":"open","sticky":false,"template":"","format":"standard","meta":{"om_disable_all_campaigns":false,"_monsterinsights_skip_tracking":false,"_monsterinsights_sitenote_active":false,"_monsterinsights_sitenote_note":"","_monsterinsights_sitenote_category":0,"footnotes":""},"categories":[34,70,69,21],"tags":[93,644,1719,1395,199,1152,549],"class_list":["post-32778","post","type-post","status-publish","format-standard","has-post-thumbnail","hentry","category-brasil","category-destaques","category-noticias2","category-politica","tag-brasil","tag-cassacao","tag-general-mourao","tag-jair-bolsonaro","tag-politica","tag-presidente-da-republica","tag-tse"],"aioseo_notices":[],"_links":{"self":[{"href":"https:\/\/www.portalalerta.com.br\/index.php\/wp-json\/wp\/v2\/posts\/32778","targetHints":{"allow":["GET"]}}],"collection":[{"href":"https:\/\/www.portalalerta.com.br\/index.php\/wp-json\/wp\/v2\/posts"}],"about":[{"href":"https:\/\/www.portalalerta.com.br\/index.php\/wp-json\/wp\/v2\/types\/post"}],"author":[{"embeddable":true,"href":"https:\/\/www.portalalerta.com.br\/index.php\/wp-json\/wp\/v2\/users\/2"}],"replies":[{"embeddable":true,"href":"https:\/\/www.portalalerta.com.br\/index.php\/wp-json\/wp\/v2\/comments?post=32778"}],"version-history":[{"count":1,"href":"https:\/\/www.portalalerta.com.br\/index.php\/wp-json\/wp\/v2\/posts\/32778\/revisions"}],"predecessor-version":[{"id":32782,"href":"https:\/\/www.portalalerta.com.br\/index.php\/wp-json\/wp\/v2\/posts\/32778\/revisions\/32782"}],"wp:featuredmedia":[{"embeddable":true,"href":"https:\/\/www.portalalerta.com.br\/index.php\/wp-json\/wp\/v2\/media\/13241"}],"wp:attachment":[{"href":"https:\/\/www.portalalerta.com.br\/index.php\/wp-json\/wp\/v2\/media?parent=32778"}],"wp:term":[{"taxonomy":"category","embeddable":true,"href":"https:\/\/www.portalalerta.com.br\/index.php\/wp-json\/wp\/v2\/categories?post=32778"},{"taxonomy":"post_tag","embeddable":true,"href":"https:\/\/www.portalalerta.com.br\/index.php\/wp-json\/wp\/v2\/tags?post=32778"}],"curies":[{"name":"wp","href":"https:\/\/api.w.org\/{rel}","templated":true}]}}