{"id":32859,"date":"2021-02-12T18:00:00","date_gmt":"2021-02-12T21:00:00","guid":{"rendered":"https:\/\/www.portalalerta.com.br\/?p=32859"},"modified":"2021-02-12T14:29:47","modified_gmt":"2021-02-12T17:29:47","slug":"witzel-vira-reu-por-corrupcao-e-segue-afastado-do-governo-do-rio","status":"publish","type":"post","link":"https:\/\/www.portalalerta.com.br\/index.php\/2021\/02\/12\/witzel-vira-reu-por-corrupcao-e-segue-afastado-do-governo-do-rio\/","title":{"rendered":"Witzel vira r\u00e9u por corrup\u00e7\u00e3o e segue afastado do governo do Rio"},"content":{"rendered":"\n<p>A Corte Especial do Superior Tribunal de Justi\u00e7a (STJ) aprovou por unanimidade, nesta quinta-feira, 11, o recebimento da den\u00fancia contra Wilson Witzel (PSC). O governador afastado do Rio de Janeiro agora \u00e9 r\u00e9u por corrup\u00e7\u00e3o passiva e lavagem de dinheiro e vai ficar afastado do cargo por pelo menos um ano.<\/p>\n\n\n\n<!--more-->\n\n\n\n<div class=\"wp-block-image\"><figure class=\"alignleft size-large is-resized\"><img fetchpriority=\"high\" decoding=\"async\" src=\"https:\/\/www.portalalerta.com.br\/wp-content\/uploads\/2018\/07\/05elab.jpg\" alt=\"\" class=\"wp-image-9394\" width=\"332\" height=\"249\" srcset=\"https:\/\/www.portalalerta.com.br\/wp-content\/uploads\/2018\/07\/05elab.jpg 400w, https:\/\/www.portalalerta.com.br\/wp-content\/uploads\/2018\/07\/05elab-320x240.jpg 320w, https:\/\/www.portalalerta.com.br\/wp-content\/uploads\/2018\/07\/05elab-195x146.jpg 195w, https:\/\/www.portalalerta.com.br\/wp-content\/uploads\/2018\/07\/05elab-50x38.jpg 50w, https:\/\/www.portalalerta.com.br\/wp-content\/uploads\/2018\/07\/05elab-100x75.jpg 100w\" sizes=\"(max-width: 332px) 100vw, 332px\" \/><\/figure><\/div>\n\n\n\n<p>A Corte Especial \u00e9 formada por 15 desembargadores, mas dois deles se declararam impedidos. Os outros 13 ministros votaram pelo recebimento da den\u00fancia.<\/p>\n\n\n\n<p>Pela decis\u00e3o, Witzel est\u00e1 proibido de frequentar a sede do Poder Executivo, manter contato com servidores e tamb\u00e9m de morar no Pal\u00e1cio Laranjeiras, resid\u00eancia oficial do governo.<\/p>\n\n\n\n<p><strong>O caso<\/strong><\/p>\n\n\n\n<p>O governador afastado foi denunciado pelo Minist\u00e9rio P\u00fablico Federal na opera\u00e7\u00e3o Tris in Idem, desdobramento da Lava Jato no RJ que apontou corrup\u00e7\u00e3o na Sa\u00fade do estado.<\/p>\n\n\n\n<p>A suspeita \u00e9 de que o governador tenha recebido, por interm\u00e9dio do escrit\u00f3rio de advocacia de sua mulher, Helena Witzel, pelo menos R$ 554,2 mil em propina.<\/p>\n\n\n\n<p>A descoberta do esquema criminoso teve in\u00edcio com a apura\u00e7\u00e3o de irregularidades na contrata\u00e7\u00e3o dos hospitais de campanha, respiradores e medicamentos para o enfrentamento da pandemia do coronav\u00edrus.<\/p>\n\n\n\n<p><em>Fonte: R\u00e1dio Gazeta Pombal<\/em><\/p>\n","protected":false},"excerpt":{"rendered":"<p>A Corte Especial do Superior Tribunal de Justi\u00e7a (STJ) aprovou por unanimidade, nesta quinta-feira, 11, o recebimento da den\u00fancia contra Wilson Witzel (PSC). O governador afastado do Rio de Janeiro agora \u00e9 r\u00e9u por corrup\u00e7\u00e3o passiva e lavagem de dinheiro e vai ficar afastado do cargo por pelo menos um ano.<\/p>\n","protected":false},"author":2,"featured_media":28924,"comment_status":"open","ping_status":"open","sticky":false,"template":"","format":"standard","meta":{"om_disable_all_campaigns":false,"_monsterinsights_skip_tracking":false,"_monsterinsights_sitenote_active":false,"_monsterinsights_sitenote_note":"","_monsterinsights_sitenote_category":0,"footnotes":""},"categories":[34,70,69,21],"tags":[93,4242,1044,713,300,505,1764],"class_list":["post-32859","post","type-post","status-publish","format-standard","has-post-thumbnail","hentry","category-brasil","category-destaques","category-noticias2","category-politica","tag-brasil","tag-corrupcao-passiva","tag-lavagem-de-dinheiro","tag-reu","tag-rio-de-janeiro","tag-stj","tag-wilson-witzel"],"aioseo_notices":[],"_links":{"self":[{"href":"https:\/\/www.portalalerta.com.br\/index.php\/wp-json\/wp\/v2\/posts\/32859","targetHints":{"allow":["GET"]}}],"collection":[{"href":"https:\/\/www.portalalerta.com.br\/index.php\/wp-json\/wp\/v2\/posts"}],"about":[{"href":"https:\/\/www.portalalerta.com.br\/index.php\/wp-json\/wp\/v2\/types\/post"}],"author":[{"embeddable":true,"href":"https:\/\/www.portalalerta.com.br\/index.php\/wp-json\/wp\/v2\/users\/2"}],"replies":[{"embeddable":true,"href":"https:\/\/www.portalalerta.com.br\/index.php\/wp-json\/wp\/v2\/comments?post=32859"}],"version-history":[{"count":1,"href":"https:\/\/www.portalalerta.com.br\/index.php\/wp-json\/wp\/v2\/posts\/32859\/revisions"}],"predecessor-version":[{"id":32863,"href":"https:\/\/www.portalalerta.com.br\/index.php\/wp-json\/wp\/v2\/posts\/32859\/revisions\/32863"}],"wp:featuredmedia":[{"embeddable":true,"href":"https:\/\/www.portalalerta.com.br\/index.php\/wp-json\/wp\/v2\/media\/28924"}],"wp:attachment":[{"href":"https:\/\/www.portalalerta.com.br\/index.php\/wp-json\/wp\/v2\/media?parent=32859"}],"wp:term":[{"taxonomy":"category","embeddable":true,"href":"https:\/\/www.portalalerta.com.br\/index.php\/wp-json\/wp\/v2\/categories?post=32859"},{"taxonomy":"post_tag","embeddable":true,"href":"https:\/\/www.portalalerta.com.br\/index.php\/wp-json\/wp\/v2\/tags?post=32859"}],"curies":[{"name":"wp","href":"https:\/\/api.w.org\/{rel}","templated":true}]}}