{"id":32860,"date":"2021-02-12T18:01:00","date_gmt":"2021-02-12T21:01:00","guid":{"rendered":"https:\/\/www.portalalerta.com.br\/?p=32860"},"modified":"2021-02-12T14:40:12","modified_gmt":"2021-02-12T17:40:12","slug":"carnaval-virtual-com-lives-de-artistas-diversos-comeca-nesta-sexta-feira","status":"publish","type":"post","link":"https:\/\/www.portalalerta.com.br\/index.php\/2021\/02\/12\/carnaval-virtual-com-lives-de-artistas-diversos-comeca-nesta-sexta-feira\/","title":{"rendered":"Carnaval virtual com lives de artistas diversos come\u00e7a nesta sexta-feira"},"content":{"rendered":"\n<p>N\u00e3o vai ter Carnaval, cidade. Pelo menos n\u00e3o nos moldes tradicionais como \u00e9 amplamente difundido mundo afora, com trio el\u00e9trico, camarote, pipoca e aglomera\u00e7\u00e3o na rua. Com milhares de baianos e turistas enlouquecidos atr\u00e1s dos beijos, amassos e da bebida alco\u00f3lica dispon\u00edvel em todos os circuitos da festa.<\/p>\n\n\n\n<!--more-->\n\n\n\n<p>E mesmo com o Brasil chegando \u00e0 marca de quase 300 mil mortes por Covid-19 em apenas um ano, com incont\u00e1veis fam\u00edlias enlutadas, mesmo com a pandemia avassaladora que toma conta do planeta por conta de um v\u00edrus ainda semidesconhecido, infernal e letal, alguns dos principais nomes da folia baiana optaram por celebrar a festa e carnavalizar digitalmente.<\/p>\n\n\n\n<p>Ent\u00e3o, para g\u00e1udio dos foli\u00f5es inconformados, vai ter folia de Momo virtual, sim, vai ter live de Carnaval. E a festa j\u00e1 come\u00e7a nesta sexta, \u00e0s 20h30, com Daniela Mercury \u2013 Carnaval Virtual da Rainha (ver box).<\/p>\n\n\n\n<p>Um pouco antes, \u00e0s 20h, tem Lincoln &amp; Duas Medidas, La F\u00faria, O Poeta e A Dama, embalando os foli\u00f5es em ritmo de pagod\u00e3o baiano na live Mistura Perfeita.<\/p>\n\n\n\n<p>A festa com os cantores Lincoln Senna, Bruno Magnata, John Ferreira e Alana Sarah ser\u00e1 transmitida simultaneamente nos canais oficiais do Poeta, da La F\u00faria e de Lincoln. Todos no YouTube.<\/p>\n\n\n\n<figure class=\"wp-block-image size-large\"><img fetchpriority=\"high\" decoding=\"async\" width=\"750\" height=\"600\" src=\"https:\/\/www.portalalerta.com.br\/wp-content\/uploads\/2021\/02\/Bell-Marques-1.jpg\" alt=\"\" class=\"wp-image-32864\" srcset=\"https:\/\/www.portalalerta.com.br\/wp-content\/uploads\/2021\/02\/Bell-Marques-1.jpg 750w, https:\/\/www.portalalerta.com.br\/wp-content\/uploads\/2021\/02\/Bell-Marques-1-300x240.jpg 300w, https:\/\/www.portalalerta.com.br\/wp-content\/uploads\/2021\/02\/Bell-Marques-1-183x146.jpg 183w, https:\/\/www.portalalerta.com.br\/wp-content\/uploads\/2021\/02\/Bell-Marques-1-50x40.jpg 50w, https:\/\/www.portalalerta.com.br\/wp-content\/uploads\/2021\/02\/Bell-Marques-1-94x75.jpg 94w\" sizes=\"(max-width: 750px) 100vw, 750px\" \/><figcaption>Bell Marques faz show virtual direto do Forte S\u00e3o Marcelo em parceria com o bloco Camale\u00e3o | Foto: F\u00e1bio Cunha | Divulga\u00e7\u00e3o<\/figcaption><\/figure>\n\n\n\n<p><strong>S\u00e1bado e domingo<\/strong><\/p>\n\n\n\n<p>Neste s\u00e1bado, 13, reinam absolutas duas musas do Carnaval baiano, Ivete Sangalo e Claudia Leite, a partir das 17h30, com a live O Trio: Ivete, Claudia e voc\u00ea. Segundo a produ\u00e7\u00e3o do evento, a ideia \u00e9 trazer a energia da maior festa do pa\u00eds para dentro das casas das pessoas, mesmo em tempos de isolamento.<\/p>\n\n\n\n<p>Com um repert\u00f3rio que contempla o trabalho das duas, a folia ser\u00e1 transmitida pelo canal de TV Multishow, al\u00e9m dos canais oficiais das cantoras no YouTube.<\/p>\n\n\n\n<p>Em entrevista para a coluna Anota Bahia, do jornal\u00a0<strong>A TARDE<\/strong>, Ivete garantiu que \u201cneste momento \u00e9 importante movimentar outras emo\u00e7\u00f5es para que a gente n\u00e3o seja soterrado pelo negativismo e por tantas coisas dif\u00edceis que v\u00eam acontecendo\u201d.<\/p>\n\n\n\n<div class=\"wp-block-image\"><figure class=\"aligncenter size-large\"><img decoding=\"async\" width=\"720\" height=\"181\" src=\"https:\/\/www.portalalerta.com.br\/wp-content\/uploads\/2018\/02\/Auto-Escola-Nobre.jpg\" alt=\"\" class=\"wp-image-4869\" srcset=\"https:\/\/www.portalalerta.com.br\/wp-content\/uploads\/2018\/02\/Auto-Escola-Nobre.jpg 720w, https:\/\/www.portalalerta.com.br\/wp-content\/uploads\/2018\/02\/Auto-Escola-Nobre-260x65.jpg 260w, https:\/\/www.portalalerta.com.br\/wp-content\/uploads\/2018\/02\/Auto-Escola-Nobre-50x13.jpg 50w, https:\/\/www.portalalerta.com.br\/wp-content\/uploads\/2018\/02\/Auto-Escola-Nobre-150x38.jpg 150w\" sizes=\"(max-width: 720px) 100vw, 720px\" \/><\/figure><\/div>\n\n\n\n<p>Domingo, 14, \u00e0s 16h, no YouTube do cantor, \u00e9 a vez do ex-chicleteiro Bell Marques, um dos mais celebrados artistas da festa de Momo, animar o dia com o show Meu Carnaval, no Forte S\u00e3o Marcelo, marcado para acontecer justamente no tradicional hor\u00e1rio de sa\u00edda do bloco Camale\u00e3o, parceiro da live.<\/p>\n\n\n\n<p>Ainda, no domingo, a partir das 15h, tem o Baile Esperando o Momo 2021. Um show virtual para contemplar tamb\u00e9m os amantes dos antigos Carnavais, no canal do bloco Quero Ver o Momo, no YouTube. A banda Recordar (sopro e percuss\u00e3o) preparou um repert\u00f3rio repleto de marchinhas e sambas de sal\u00e3o.<\/p>\n\n\n\n<p>Mais tarde, \u00e0s 21h, tem a Live do Encontro com um trio de peso: L\u00e9o Santana, Parangol\u00e9 (Tony Sales) e Harmonia do Samba (Xandy). O objetivo \u00e9 festejar a folia momesca com muito pagode carnavalesco, virtualmente, atrav\u00e9s do YouTube.<\/p>\n\n\n\n<p>E para quem prefere acompanhar o Carnaval pela televis\u00e3o, a TV Aratu preparou o SBT Folia Dendicasa. Desta sexta-feira, 12,&nbsp;at\u00e9 o dia 16 de fevereiro, a partir de 22h15, o Galinho transmite programas especiais repletos de entrevistas com artistas, foli\u00f5es, personalidades da folia, shows e hist\u00f3rias de Carnaval.<\/p>\n\n\n\n<p><strong>Aglomera\u00e7\u00e3o, eis a quest\u00e3o<\/strong><\/p>\n\n\n\n<p>Pois \u00e9, teremos folia, ainda que virtual. No entanto, em tempos pand\u00eamicos, o grande perigo de qualquer encontro \u00e9 a aglomera\u00e7\u00e3o. Com o Carnaval, essa preocupa\u00e7\u00e3o chega \u00e0 d\u00e9cima pot\u00eancia, j\u00e1 que, de fato, n\u00e3o h\u00e1 festa mais aglomerativa e pegajosa, no bom sentido, do que a folia momesca.<\/p>\n\n\n\n<p>E por mais que os artistas justifiquem a import\u00e2ncia de celebrar a data, n\u00e3o h\u00e1 garantia alguma de que esses shows virtuais n\u00e3o causar\u00e3o tumulto.<\/p>\n\n\n\n<p>Afinal, ningu\u00e9m sabe ao certo como os foli\u00f5es ir\u00e3o comemorar esse Carnaval at\u00edpico. Se em casa, solit\u00e1rios, o que \u00e9 muito pouco prov\u00e1vel, ou com um \u2018pequeno\u2019 grupo de pessoas em local com espa\u00e7o para dan\u00e7a e celebra\u00e7\u00e3o. Ao longo das semanas seguintes, saberemos se o foli\u00e3o optou por um sof\u00e1 com pijama ou por um abad\u00e1 com cerveja e amigos.<\/p>\n\n\n\n<p><em>Fonte: A Tarde<\/em><\/p>\n","protected":false},"excerpt":{"rendered":"<p>N\u00e3o vai ter Carnaval, cidade. Pelo menos n\u00e3o nos moldes tradicionais como \u00e9 amplamente difundido mundo afora, com trio el\u00e9trico, camarote, pipoca e aglomera\u00e7\u00e3o na rua. Com milhares de baianos e turistas enlouquecidos atr\u00e1s dos beijos, amassos e da bebida alco\u00f3lica dispon\u00edvel em todos os circuitos da festa.<\/p>\n","protected":false},"author":2,"featured_media":32865,"comment_status":"open","ping_status":"open","sticky":false,"template":"","format":"standard","meta":{"om_disable_all_campaigns":false,"_monsterinsights_skip_tracking":false,"_monsterinsights_sitenote_active":false,"_monsterinsights_sitenote_note":"","_monsterinsights_sitenote_category":0,"footnotes":""},"categories":[33,70,36,69,19],"tags":[3615,54,448,344,3818],"class_list":["post-32860","post","type-post","status-publish","format-standard","has-post-thumbnail","hentry","category-bahia","category-destaques","category-lazer","category-noticias2","category-saude","tag-3615","tag-bahia","tag-carnaval","tag-festa","tag-live"],"aioseo_notices":[],"_links":{"self":[{"href":"https:\/\/www.portalalerta.com.br\/index.php\/wp-json\/wp\/v2\/posts\/32860","targetHints":{"allow":["GET"]}}],"collection":[{"href":"https:\/\/www.portalalerta.com.br\/index.php\/wp-json\/wp\/v2\/posts"}],"about":[{"href":"https:\/\/www.portalalerta.com.br\/index.php\/wp-json\/wp\/v2\/types\/post"}],"author":[{"embeddable":true,"href":"https:\/\/www.portalalerta.com.br\/index.php\/wp-json\/wp\/v2\/users\/2"}],"replies":[{"embeddable":true,"href":"https:\/\/www.portalalerta.com.br\/index.php\/wp-json\/wp\/v2\/comments?post=32860"}],"version-history":[{"count":1,"href":"https:\/\/www.portalalerta.com.br\/index.php\/wp-json\/wp\/v2\/posts\/32860\/revisions"}],"predecessor-version":[{"id":32866,"href":"https:\/\/www.portalalerta.com.br\/index.php\/wp-json\/wp\/v2\/posts\/32860\/revisions\/32866"}],"wp:featuredmedia":[{"embeddable":true,"href":"https:\/\/www.portalalerta.com.br\/index.php\/wp-json\/wp\/v2\/media\/32865"}],"wp:attachment":[{"href":"https:\/\/www.portalalerta.com.br\/index.php\/wp-json\/wp\/v2\/media?parent=32860"}],"wp:term":[{"taxonomy":"category","embeddable":true,"href":"https:\/\/www.portalalerta.com.br\/index.php\/wp-json\/wp\/v2\/categories?post=32860"},{"taxonomy":"post_tag","embeddable":true,"href":"https:\/\/www.portalalerta.com.br\/index.php\/wp-json\/wp\/v2\/tags?post=32860"}],"curies":[{"name":"wp","href":"https:\/\/api.w.org\/{rel}","templated":true}]}}