{"id":32890,"date":"2021-02-13T18:02:00","date_gmt":"2021-02-13T21:02:00","guid":{"rendered":"https:\/\/www.portalalerta.com.br\/?p=32890"},"modified":"2021-02-13T13:00:40","modified_gmt":"2021-02-13T16:00:40","slug":"travesti-oriundo-de-banzae-ba-e-assassinado-em-araci-ba-criminoso-foi-preso","status":"publish","type":"post","link":"https:\/\/www.portalalerta.com.br\/index.php\/2021\/02\/13\/travesti-oriundo-de-banzae-ba-e-assassinado-em-araci-ba-criminoso-foi-preso\/","title":{"rendered":"Travesti oriundo de Banza\u00ea-BA \u00e9 assassinado em Araci-BA. Criminoso foi preso!"},"content":{"rendered":"\n<p>Fl\u00e1vio Alves de Souza (Pojuca), 26 anos, foi assassinado \u00e0 facadas na \u00faltima sexta-feira (12) em Araci-BA.<\/p>\n\n\n\n<!--more-->\n\n\n\n<p>O crime aconteceu por volta das 05:00hs, nas proximidades de um Motel, e segundo informa\u00e7\u00f5es ocorreu ap\u00f3s a discord\u00e2ncia em rela\u00e7\u00e3o ao valor do \u201cprograma\u201d. \u201cPojuca\u201d, que era travesti foi esfaqueado no t\u00f3rax. Gravemente ferido, o jovem chegou a ser socorrido com os sinais vitais ao Hospital local, por\u00e9m n\u00e3o resistiu e evoluiu a \u00f3bito.<\/p>\n\n\n\n<div class=\"wp-block-image\"><figure class=\"aligncenter size-large\"><img fetchpriority=\"high\" decoding=\"async\" width=\"720\" height=\"181\" src=\"https:\/\/www.portalalerta.com.br\/wp-content\/uploads\/2018\/02\/Auto-Escola-Nobre.jpg\" alt=\"\" class=\"wp-image-4869\" srcset=\"https:\/\/www.portalalerta.com.br\/wp-content\/uploads\/2018\/02\/Auto-Escola-Nobre.jpg 720w, https:\/\/www.portalalerta.com.br\/wp-content\/uploads\/2018\/02\/Auto-Escola-Nobre-260x65.jpg 260w, https:\/\/www.portalalerta.com.br\/wp-content\/uploads\/2018\/02\/Auto-Escola-Nobre-50x13.jpg 50w, https:\/\/www.portalalerta.com.br\/wp-content\/uploads\/2018\/02\/Auto-Escola-Nobre-150x38.jpg 150w\" sizes=\"(max-width: 720px) 100vw, 720px\" \/><\/figure><\/div>\n\n\n\n<p>As primeiras informa\u00e7\u00f5es apontavam que a v\u00edtima seria de Ribeira do Pombal-BA, por\u00e9m, em seguida, foi divulgado que \u201cPojuca\u201d era oriunda de Banza\u00ea-BA.<\/p>\n\n\n\n<p>Ainda na noite de sexta-feira, o autor do crime foi preso por equipes da Pol\u00edcia Civil local. De acordo com informa\u00e7\u00f5es, o criminoso que tem 35 anos de idade, foi capturado quando saia de sua resid\u00eancia. O rapaz confessou a autoria do crime, bem como a motiva\u00e7\u00e3o. A faca utilizada no assassinato tamb\u00e9m foi apreendida, ap\u00f3s ser encontrada na resid\u00eancia do autor.<\/p>\n\n\n\n<figure class=\"wp-block-image size-large\"><img decoding=\"async\" width=\"1024\" height=\"780\" src=\"https:\/\/www.portalalerta.com.br\/wp-content\/uploads\/2021\/02\/homicidio-em-Araci-2021.1-1024x780.jpg\" alt=\"\" class=\"wp-image-32892\" srcset=\"https:\/\/www.portalalerta.com.br\/wp-content\/uploads\/2021\/02\/homicidio-em-Araci-2021.1-1024x780.jpg 1024w, https:\/\/www.portalalerta.com.br\/wp-content\/uploads\/2021\/02\/homicidio-em-Araci-2021.1-315x240.jpg 315w, https:\/\/www.portalalerta.com.br\/wp-content\/uploads\/2021\/02\/homicidio-em-Araci-2021.1-768x585.jpg 768w, https:\/\/www.portalalerta.com.br\/wp-content\/uploads\/2021\/02\/homicidio-em-Araci-2021.1-192x146.jpg 192w, https:\/\/www.portalalerta.com.br\/wp-content\/uploads\/2021\/02\/homicidio-em-Araci-2021.1-50x38.jpg 50w, https:\/\/www.portalalerta.com.br\/wp-content\/uploads\/2021\/02\/homicidio-em-Araci-2021.1-98x75.jpg 98w, https:\/\/www.portalalerta.com.br\/wp-content\/uploads\/2021\/02\/homicidio-em-Araci-2021.1.jpg 1265w\" sizes=\"(max-width: 1024px) 100vw, 1024px\" \/><figcaption>&#8220;Pojuca&#8221; foi assassinada \u00e0 facadas em Araci-BA. Cr\u00e9dito: A Voz do Campo <\/figcaption><\/figure>\n\n\n\n<p>O criminoso foi conduzido para a Delegacia de Pol\u00edcia Civil onde se encontra \u00e0 disposi\u00e7\u00e3o da justi\u00e7a.<\/p>\n\n\n\n<p><em>Reda\u00e7\u00e3o: Portal Alerta<\/em><\/p>\n\n\n\n<p><em>Com informa\u00e7\u00f5es: A Voz do Campo &nbsp;<\/em><\/p>\n\n\n\n<p><strong><em>#fiqueemcasa<\/em><\/strong><\/p>\n\n\n\n<p><strong><em>#usemascaras<\/em><\/strong><\/p>\n","protected":false},"excerpt":{"rendered":"<p>Fl\u00e1vio Alves de Souza (Pojuca), 26 anos, foi assassinado \u00e0 facadas na \u00faltima sexta-feira (12) em Araci-BA.<\/p>\n","protected":false},"author":2,"featured_media":32893,"comment_status":"open","ping_status":"open","sticky":false,"template":"","format":"standard","meta":{"om_disable_all_campaigns":false,"_monsterinsights_skip_tracking":false,"_monsterinsights_sitenote_active":false,"_monsterinsights_sitenote_note":"","_monsterinsights_sitenote_category":0,"footnotes":""},"categories":[41,39,70,69,32,22],"tags":[48,4179,492,258,206,169,122,77],"class_list":["post-32890","post","type-post","status-publish","format-standard","has-post-thumbnail","hentry","category-araci","category-banzae","category-destaques","category-noticias2","category-regiao","category-seguranca","tag-araci","tag-banzae-2","tag-facada","tag-homicida","tag-homicidio","tag-morte","tag-policia-civil","tag-preso"],"aioseo_notices":[],"_links":{"self":[{"href":"https:\/\/www.portalalerta.com.br\/index.php\/wp-json\/wp\/v2\/posts\/32890","targetHints":{"allow":["GET"]}}],"collection":[{"href":"https:\/\/www.portalalerta.com.br\/index.php\/wp-json\/wp\/v2\/posts"}],"about":[{"href":"https:\/\/www.portalalerta.com.br\/index.php\/wp-json\/wp\/v2\/types\/post"}],"author":[{"embeddable":true,"href":"https:\/\/www.portalalerta.com.br\/index.php\/wp-json\/wp\/v2\/users\/2"}],"replies":[{"embeddable":true,"href":"https:\/\/www.portalalerta.com.br\/index.php\/wp-json\/wp\/v2\/comments?post=32890"}],"version-history":[{"count":1,"href":"https:\/\/www.portalalerta.com.br\/index.php\/wp-json\/wp\/v2\/posts\/32890\/revisions"}],"predecessor-version":[{"id":32894,"href":"https:\/\/www.portalalerta.com.br\/index.php\/wp-json\/wp\/v2\/posts\/32890\/revisions\/32894"}],"wp:featuredmedia":[{"embeddable":true,"href":"https:\/\/www.portalalerta.com.br\/index.php\/wp-json\/wp\/v2\/media\/32893"}],"wp:attachment":[{"href":"https:\/\/www.portalalerta.com.br\/index.php\/wp-json\/wp\/v2\/media?parent=32890"}],"wp:term":[{"taxonomy":"category","embeddable":true,"href":"https:\/\/www.portalalerta.com.br\/index.php\/wp-json\/wp\/v2\/categories?post=32890"},{"taxonomy":"post_tag","embeddable":true,"href":"https:\/\/www.portalalerta.com.br\/index.php\/wp-json\/wp\/v2\/tags?post=32890"}],"curies":[{"name":"wp","href":"https:\/\/api.w.org\/{rel}","templated":true}]}}