{"id":32924,"date":"2021-02-15T07:00:00","date_gmt":"2021-02-15T10:00:00","guid":{"rendered":"https:\/\/www.portalalerta.com.br\/?p=32924"},"modified":"2021-02-14T21:31:51","modified_gmt":"2021-02-15T00:31:51","slug":"bolsonaro-e-biden-se-encontrarao-em-reuniao-sobre-amazonia","status":"publish","type":"post","link":"https:\/\/www.portalalerta.com.br\/index.php\/2021\/02\/15\/bolsonaro-e-biden-se-encontrarao-em-reuniao-sobre-amazonia\/","title":{"rendered":"Bolsonaro e Biden se encontrar\u00e3o em reuni\u00e3o sobre Amaz\u00f4nia"},"content":{"rendered":"\n<p>O presidentes\u00a0Jair Bolsonaro\u00a0(sem partido) ter\u00e1 seu primeiro encontro com o rec\u00e9m-empossado presidente dos Estados Unidos, Joe Biden. O chefe do Executivo brasileiro e o democrata norte-americano se reunir\u00e3o virtualmente em um evento global com a participa\u00e7\u00e3o de outros l\u00edderes mundiais.<\/p>\n\n\n\n<!--more-->\n\n\n\n<p>De acordo com o jornal O Globo, Biden e Bolsonaro se encontrar\u00e3o em 22 de abril, Dia da Terra, em uma reuni\u00e3o organizada pelo governo dos Estados Unidos. A Amaz\u00f4nia ser\u00e1 o foco principal dos debates, e o presidente brasileiro est\u00e1 na lista dos convidados da Casa Branca.<\/p>\n\n\n\n<p>Biden j\u00e1 amea\u00e7ou aplicar san\u00e7\u00f5es econ\u00f4micas ao Brasil diante da condu\u00e7\u00e3o fr\u00e1gil do governo no combate ao desmatamento na Amaz\u00f4nia. Em novembro, logo ap\u00f3s a vit\u00f3ria do democrata sobre Donald Trump, Bolsonaro reagiu incitando pegar em armas contra os Estados Unidos. Sem citar o nome de Biden, disse que uma solu\u00e7\u00e3o \u201capenas pela diplomacia n\u00e3o d\u00e1\u201d e que\u00a0\u201cdepois que acabar a saliva tem que ter p\u00f3lvora\u201d.<\/p>\n\n\n\n<div class=\"wp-block-image\"><figure class=\"aligncenter size-large\"><img fetchpriority=\"high\" decoding=\"async\" width=\"720\" height=\"181\" src=\"https:\/\/www.portalalerta.com.br\/wp-content\/uploads\/2018\/02\/Auto-Escola-Nobre.jpg\" alt=\"\" class=\"wp-image-4869\" srcset=\"https:\/\/www.portalalerta.com.br\/wp-content\/uploads\/2018\/02\/Auto-Escola-Nobre.jpg 720w, https:\/\/www.portalalerta.com.br\/wp-content\/uploads\/2018\/02\/Auto-Escola-Nobre-260x65.jpg 260w, https:\/\/www.portalalerta.com.br\/wp-content\/uploads\/2018\/02\/Auto-Escola-Nobre-50x13.jpg 50w, https:\/\/www.portalalerta.com.br\/wp-content\/uploads\/2018\/02\/Auto-Escola-Nobre-150x38.jpg 150w\" sizes=\"(max-width: 720px) 100vw, 720px\" \/><\/figure><\/div>\n\n\n\n<p>Bolsonaro parabenizou Biden somente no dia da posse, em 20 de janeiro. Em tom diplom\u00e1tico, o presidente brasileiro cumprimentou o americano e disse que lhe enviou uma carta expondo um &#8220;excelente futuro para a parceria Brasil-EUA&#8221;.<\/p>\n\n\n\n<p>O chefe do Executivo s\u00f3 reconheceu a vit\u00f3ria de Biden sobre Trump, de quem o brasileiro era aliado, 38 dias ap\u00f3s o resultado das urnas favor\u00e1vel ao democrata. O presidente foi orientado por Nestor Forster, embaixador nos Estados Unidos, a\u00a0n\u00e3o se posicionar sobre o pleito\u00a0porque Trump insistia na tese mentirosa de fraude.<\/p>\n\n\n\n<p>Em 28 de janeiro, ao fim de uma coletiva, Biden foi questionado quando pretendia conversar com Bolsonaro. A pergunta foi feita pela rep\u00f3rter Raquel Kr\u00e4henb\u00fchl, correspondente da Globo nos Estados Unidos e representante da emissora nas coberturas do cotidiano da Casa Branca.<\/p>\n\n\n\n<p>\u201cSenhor presidente, quando o senhor vai falar com o presidente brasileiro?\u201d, perguntou Kr\u00e4henb\u00fchl, no Sal\u00e3o Oval da Casa Branca. \u201cQuando vai falar com Bolsonaro?\u201d.\u00a0Biden olhou para a rep\u00f3rter, riu e colocou a m\u00e1scara, ainda em sil\u00eancio.<\/p>\n\n\n\n<p><em>Fonte: Yahoo Not\u00edcias<\/em><\/p>\n","protected":false},"excerpt":{"rendered":"<p>O presidentes\u00a0Jair Bolsonaro\u00a0(sem partido) ter\u00e1 seu primeiro encontro com o rec\u00e9m-empossado presidente dos Estados Unidos, Joe Biden. O chefe do Executivo brasileiro e o democrata norte-americano se reunir\u00e3o virtualmente em um evento global com a participa\u00e7\u00e3o de outros l\u00edderes mundiais.<\/p>\n","protected":false},"author":2,"featured_media":32928,"comment_status":"open","ping_status":"open","sticky":false,"template":"","format":"standard","meta":{"om_disable_all_campaigns":false,"_monsterinsights_skip_tracking":false,"_monsterinsights_sitenote_active":false,"_monsterinsights_sitenote_note":"","_monsterinsights_sitenote_category":0,"footnotes":""},"categories":[34,70,35,69,21],"tags":[3063,93,327,1395,3977,339,94,1152],"class_list":["post-32924","post","type-post","status-publish","format-standard","has-post-thumbnail","hentry","category-brasil","category-destaques","category-mundo","category-noticias2","category-politica","tag-amazonia","tag-brasil","tag-eua","tag-jair-bolsonaro","tag-joe-biden","tag-mundo","tag-presidente","tag-presidente-da-republica"],"aioseo_notices":[],"_links":{"self":[{"href":"https:\/\/www.portalalerta.com.br\/index.php\/wp-json\/wp\/v2\/posts\/32924","targetHints":{"allow":["GET"]}}],"collection":[{"href":"https:\/\/www.portalalerta.com.br\/index.php\/wp-json\/wp\/v2\/posts"}],"about":[{"href":"https:\/\/www.portalalerta.com.br\/index.php\/wp-json\/wp\/v2\/types\/post"}],"author":[{"embeddable":true,"href":"https:\/\/www.portalalerta.com.br\/index.php\/wp-json\/wp\/v2\/users\/2"}],"replies":[{"embeddable":true,"href":"https:\/\/www.portalalerta.com.br\/index.php\/wp-json\/wp\/v2\/comments?post=32924"}],"version-history":[{"count":1,"href":"https:\/\/www.portalalerta.com.br\/index.php\/wp-json\/wp\/v2\/posts\/32924\/revisions"}],"predecessor-version":[{"id":32929,"href":"https:\/\/www.portalalerta.com.br\/index.php\/wp-json\/wp\/v2\/posts\/32924\/revisions\/32929"}],"wp:featuredmedia":[{"embeddable":true,"href":"https:\/\/www.portalalerta.com.br\/index.php\/wp-json\/wp\/v2\/media\/32928"}],"wp:attachment":[{"href":"https:\/\/www.portalalerta.com.br\/index.php\/wp-json\/wp\/v2\/media?parent=32924"}],"wp:term":[{"taxonomy":"category","embeddable":true,"href":"https:\/\/www.portalalerta.com.br\/index.php\/wp-json\/wp\/v2\/categories?post=32924"},{"taxonomy":"post_tag","embeddable":true,"href":"https:\/\/www.portalalerta.com.br\/index.php\/wp-json\/wp\/v2\/tags?post=32924"}],"curies":[{"name":"wp","href":"https:\/\/api.w.org\/{rel}","templated":true}]}}