{"id":32925,"date":"2021-02-15T07:01:00","date_gmt":"2021-02-15T10:01:00","guid":{"rendered":"https:\/\/www.portalalerta.com.br\/?p=32925"},"modified":"2021-02-14T21:40:17","modified_gmt":"2021-02-15T00:40:17","slug":"iniciada-a-fase-de-elaboracao-do-projeto-de-esgotamentos-sanitario-em-ribeira-do-pombal-ba","status":"publish","type":"post","link":"https:\/\/www.portalalerta.com.br\/index.php\/2021\/02\/15\/iniciada-a-fase-de-elaboracao-do-projeto-de-esgotamentos-sanitario-em-ribeira-do-pombal-ba\/","title":{"rendered":"Iniciada a fase de elabora\u00e7\u00e3o do Projeto de Esgotamentos Sanit\u00e1rio em Ribeira do Pombal-BA"},"content":{"rendered":"\n<p>Na \u00faltima quinta-feira, 11, a empresa Plonus, uma das respons\u00e1veis, em nome da Embasa, pela elabora\u00e7\u00e3o do Projeto de Esgotamento Sanit\u00e1rio de Ribeira do Pombal-BA promoveu encontro com moradores dos bairros pombalenses e representantes do Poder P\u00fablico para iniciar o processo de escuta e conhecimento da realidade social do munic\u00edpio.<\/p>\n\n\n\n<!--more-->\n\n\n\n<div class=\"wp-block-image\"><figure class=\"aligncenter size-large\"><img decoding=\"async\" src=\"https:\/\/www.portalalerta.com.br\/wp-content\/uploads\/2021\/01\/Moda-Ver\u00e3o-Real-Cal\u00e7ados-2021.jpeg\" alt=\"\" class=\"wp-image-31690\"\/><\/figure><\/div>\n\n\n\n<p>A empresa informou que o projeto est\u00e1 sendo feito sob duas vertentes, a quest\u00e3o t\u00e9cnica e as quest\u00f5es sociais, sendo que para essas ser\u00e3o identificadas as caracter\u00edsticas socioecon\u00f4micas do munic\u00edpio permitindo que a popula\u00e7\u00e3o participe ativamente do processo.<\/p>\n\n\n\n<p>O encontro foi um di\u00e1logo, observado pelos t\u00e9cnicos da empresa, para conhecer a percep\u00e7\u00e3o da popula\u00e7\u00e3o sobre o munic\u00edpio. Futuramente est\u00e3o previstos outros momentos mais abrangentes com a participa\u00e7\u00e3o popular. \u201cCom essa grande obra que ser\u00e1 realizada nos pr\u00f3ximos anos vamos fazer hist\u00f3ria mais uma vez em Ribeira do Pombal, estaremos transformando definitivamente a qualidade de vida de nossa popula\u00e7\u00e3o\u201d, comentou o Prefeito Eriksson sobre o projeto.<\/p>\n\n\n\n<p><em>Fonte: SECOM\/ Ribeira do Pombal<\/em><\/p>\n","protected":false},"excerpt":{"rendered":"<p>Na \u00faltima quinta-feira, 11, a empresa Plonus, uma das respons\u00e1veis, em nome da Embasa, pela elabora\u00e7\u00e3o do Projeto de Esgotamento Sanit\u00e1rio de Ribeira do Pombal-BA promoveu encontro com moradores dos bairros pombalenses e representantes do Poder P\u00fablico para iniciar o processo de escuta e conhecimento da realidade social do munic\u00edpio.<\/p>\n","protected":false},"author":2,"featured_media":32930,"comment_status":"open","ping_status":"open","sticky":false,"template":"","format":"standard","meta":{"om_disable_all_campaigns":false,"_monsterinsights_skip_tracking":false,"_monsterinsights_sitenote_active":false,"_monsterinsights_sitenote_note":"","_monsterinsights_sitenote_category":0,"footnotes":""},"categories":[70,69,32,3],"tags":[275,4246,145,47],"class_list":["post-32925","post","type-post","status-publish","format-standard","has-post-thumbnail","hentry","category-destaques","category-noticias2","category-regiao","category-ribeira-do-pombal","tag-embasa","tag-esgotamento-sanitario","tag-prefeitura","tag-ribeira-do-pombal"],"aioseo_notices":[],"_links":{"self":[{"href":"https:\/\/www.portalalerta.com.br\/index.php\/wp-json\/wp\/v2\/posts\/32925","targetHints":{"allow":["GET"]}}],"collection":[{"href":"https:\/\/www.portalalerta.com.br\/index.php\/wp-json\/wp\/v2\/posts"}],"about":[{"href":"https:\/\/www.portalalerta.com.br\/index.php\/wp-json\/wp\/v2\/types\/post"}],"author":[{"embeddable":true,"href":"https:\/\/www.portalalerta.com.br\/index.php\/wp-json\/wp\/v2\/users\/2"}],"replies":[{"embeddable":true,"href":"https:\/\/www.portalalerta.com.br\/index.php\/wp-json\/wp\/v2\/comments?post=32925"}],"version-history":[{"count":1,"href":"https:\/\/www.portalalerta.com.br\/index.php\/wp-json\/wp\/v2\/posts\/32925\/revisions"}],"predecessor-version":[{"id":32931,"href":"https:\/\/www.portalalerta.com.br\/index.php\/wp-json\/wp\/v2\/posts\/32925\/revisions\/32931"}],"wp:featuredmedia":[{"embeddable":true,"href":"https:\/\/www.portalalerta.com.br\/index.php\/wp-json\/wp\/v2\/media\/32930"}],"wp:attachment":[{"href":"https:\/\/www.portalalerta.com.br\/index.php\/wp-json\/wp\/v2\/media?parent=32925"}],"wp:term":[{"taxonomy":"category","embeddable":true,"href":"https:\/\/www.portalalerta.com.br\/index.php\/wp-json\/wp\/v2\/categories?post=32925"},{"taxonomy":"post_tag","embeddable":true,"href":"https:\/\/www.portalalerta.com.br\/index.php\/wp-json\/wp\/v2\/tags?post=32925"}],"curies":[{"name":"wp","href":"https:\/\/api.w.org\/{rel}","templated":true}]}}