{"id":32926,"date":"2021-02-15T07:02:00","date_gmt":"2021-02-15T10:02:00","guid":{"rendered":"https:\/\/www.portalalerta.com.br\/?p=32926"},"modified":"2021-02-14T21:44:23","modified_gmt":"2021-02-15T00:44:23","slug":"bolsonaro-vai-tomar-pau-se-der-ou-nao-der-novo-auxilio-emergencial-diz-mourao","status":"publish","type":"post","link":"https:\/\/www.portalalerta.com.br\/index.php\/2021\/02\/15\/bolsonaro-vai-tomar-pau-se-der-ou-nao-der-novo-auxilio-emergencial-diz-mourao\/","title":{"rendered":"Bolsonaro vai &#8216;tomar pau&#8217; se der ou n\u00e3o der novo aux\u00edlio emergencial, diz Mour\u00e3o"},"content":{"rendered":"\n<p>O vice-presidente Hamilton Mour\u00e3o comentou na \u00faltima sexta-feira (12) a possibilidade de retomada do aux\u00edlio emergencial por conta da pandemia da Covid-19 e disse que o presidente Jair Bolsonaro &#8220;vai tomar pau&#8221; se conceder ou n\u00e3o o benef\u00edcio.<\/p>\n\n\n\n<!--more-->\n\n\n\n<p>Mour\u00e3o tamb\u00e9m disse que o governo &#8220;n\u00e3o pode ser escravo do mercado&#8221;, ao ser questionado sobre o sinal negativo que representaria um eventual novo or\u00e7amento de guerra ou mais um d\u00e9ficit recorde. Ele argumentou que h\u00e1 cerca de 40 milh\u00f5es de brasileiros em &#8220;uma situa\u00e7\u00e3o dif\u00edcil&#8221; e que a pandemia ainda vai continuar at\u00e9 que a vacina\u00e7\u00e3o seja mais consistente.<\/p>\n\n\n\n<div data-mvc-banner=\"leaderboard\"><\/div><script type=\"text\/javascript\"> (function(storeName) { var b = document.createElement('script'); b.type = 'text\/javascript'; b.async = true; b.src = 'https:\/\/www.magazinevoce.com.br\/js\/banner.js?store='+ storeName; var s = document.getElementsByTagName('script')[0]; s.parentNode.insertBefore(b, s); })('Nvscosta'); <\/script>\n\n\n\n<p>Nesta quinta, Bolsonaro declarou que que o aux\u00edlio emergencial pode ser pago novamente a partir do m\u00eas de mar\u00e7o, por \u201ctr\u00eas ou quatro\u201d meses, sem valor definido at\u00e9 o momento. O presidente afirmou, por outro lado, que benef\u00edcio n\u00e3o pode ser eterno, citando a aposentadoria e o Benef\u00edcio de Presta\u00e7\u00e3o Continuada (BPC). E reclamou da rea\u00e7\u00e3o do mercado:<\/p>\n\n\n\n<p>\u2014 Pessoal do mercado, qualquer coisa que se fala voc\u00eas ficam irritadinhos na ponta da linha, n\u00e9? Sobe d\u00f3lar, cai a Bolsa. Pessoal, se o Brasil n\u00e3o tiver um rumo, todo mundo vai perder, voc\u00eas tamb\u00e9m. Ent\u00e3o, vamos deixar de ser irritadinhos porque n\u00e3o vai levar a lugar nenhum \u2014 declarou, em transmiss\u00e3o em suas redes sociais.<\/p>\n\n\n\n<p>Tamb\u00e9m na quinta-feira, o ministro da Economia, Paulo Guedes, disse que est\u00e1 pronto para apresentar uma nova rodada de pagamento do aux\u00edlio, mas cobrou do Congresso, por outro lado, a aprova\u00e7\u00e3o de uma Proposta de Emenda \u00e0 Constitui\u00e7\u00e3o que estabelece um novo Or\u00e7amento de Guerra para viabilizar o benef\u00edcio.<\/p>\n\n\n\n<p>Na manh\u00e3 desta sexta, Mour\u00e3o disse que o assunto est\u00e1 sendo tratado pelo presidente junto com a equipe econ\u00f4mica e com o Congresso, que est\u00e3o &#8220;buscando uma solu\u00e7\u00e3o&#8221;.<\/p>\n\n\n\n<p>\u2014 Em linhas gerais, ou voc\u00ea faz um cr\u00e9dito extraordin\u00e1rio, a\u00ed seria o tal do or\u00e7amento de guerra, ou corta dentro do nosso or\u00e7amento para atender as necessidades. N\u00e3o tem outra linha de a\u00e7\u00e3o fora disso \u2014 comentou o vice-presidente.<\/p>\n\n\n\n<p>Questionado se mais um or\u00e7amento de guerra e mais um d\u00e9ficit recorde seriam um bom sinal para o mercado, Mour\u00e3o declarou:<\/p>\n\n\n\n<p>\u2014 Minha gente, a gente n\u00e3o pode ser escravo do mercado, n\u00e9? Ent\u00e3o, tem que entender o seguinte: n\u00f3s temos a\u00ed, vamos botar a\u00ed uns 40 milh\u00f5es de brasileiros que est\u00e3o em uma situa\u00e7\u00e3o dif\u00edcil. A gente ainda continua com a pandemia, a gente acredita que mais uns tr\u00eas, quatro meses a gente tenha uma produ\u00e7\u00e3o de vacina capaz de come\u00e7ar um processo de imuniza\u00e7\u00e3o consistente.<\/p>\n\n\n\n<p>E concluiu com um coment\u00e1rio sobre a &#8220;situa\u00e7\u00e3o dif\u00edcil&#8221; de Bolsonaro:<\/p>\n\n\n\n<p>\u2014 Ent\u00e3o, o presidente \u00e9 obrigado a decidir para alguma forma de auxiliar essa gente. Vamos lembrar, se ele disser que n\u00e3o vai auxiliar, ele vai tomar pau, se ele diz que vai auxiliar, ele vai tomar pau tamb\u00e9m. Ent\u00e3o, \u00e9 uma situa\u00e7\u00e3o dif\u00edcil e julgo que ele vai buscar a melhor solu\u00e7\u00e3o.<\/p>\n\n\n\n<p><strong>Combust\u00edveis<\/strong><\/p>\n\n\n\n<p>Mour\u00e3o comentou ainda o plano do presidente de enviar um projeto ao Congresso para tratar do ICMS sobre os combust\u00edveis e disse que a quest\u00e3o tem que ser decidida no Legislativo.<\/p>\n\n\n\n<p>\u2014 Vai ter que ser decidido dentro do Congresso. \u00c9 lei, vai ser decidido l\u00e1 dentro, mexe com o interesse dos Estados. O presidente est\u00e1 buscando uma solu\u00e7\u00e3o para o pre\u00e7o do combust\u00edvel, que todo mundo que enche o tanque do carro sabe que est\u00e1 um pouquinho salgado \u2014 disse.<\/p>\n\n\n\n<p>Segundo o diagn\u00f3stico do vice-presidente, o cen\u00e1rio atual \u00e9 fruto de dois problemas: a recupera\u00e7\u00e3o dos pre\u00e7os internacionais e a desvaloriza\u00e7\u00e3o do real diante do d\u00f3lar. Questionado se v\u00ea chances de mudan\u00e7a na pol\u00edtica de pre\u00e7os da Petrobras, Mour\u00e3o negou e disse que Bolsonaro &#8220;j\u00e1 deixou muito claro que n\u00e3o vai interferir e n\u00e3o pode interferir&#8221;.<\/p>\n\n\n\n<p>\u2014 N\u00f3s tivemos isso no passado, e a Petrobras arcou com um preju\u00edzo enorme, que ela n\u00e3o pode arcar, \u00e9 uma empresa que tem a\u00e7\u00e3o em Bolsa.<\/p>\n\n\n\n<p><em>Fonte: Yahoo Not\u00edcias<\/em><\/p>\n","protected":false},"excerpt":{"rendered":"<p>O vice-presidente Hamilton Mour\u00e3o comentou na \u00faltima sexta-feira (12) a possibilidade de retomada do aux\u00edlio emergencial por conta da pandemia da Covid-19 e disse que o presidente Jair Bolsonaro &#8220;vai tomar pau&#8221; se conceder ou n\u00e3o o benef\u00edcio.<\/p>\n","protected":false},"author":2,"featured_media":32228,"comment_status":"open","ping_status":"open","sticky":false,"template":"","format":"standard","meta":{"om_disable_all_campaigns":false,"_monsterinsights_skip_tracking":false,"_monsterinsights_sitenote_active":false,"_monsterinsights_sitenote_note":"","_monsterinsights_sitenote_category":0,"footnotes":""},"categories":[34,70,69,21],"tags":[3591,93,1719,1395,199],"class_list":["post-32926","post","type-post","status-publish","format-standard","has-post-thumbnail","hentry","category-brasil","category-destaques","category-noticias2","category-politica","tag-auxilio-emergencial","tag-brasil","tag-general-mourao","tag-jair-bolsonaro","tag-politica"],"aioseo_notices":[],"_links":{"self":[{"href":"https:\/\/www.portalalerta.com.br\/index.php\/wp-json\/wp\/v2\/posts\/32926","targetHints":{"allow":["GET"]}}],"collection":[{"href":"https:\/\/www.portalalerta.com.br\/index.php\/wp-json\/wp\/v2\/posts"}],"about":[{"href":"https:\/\/www.portalalerta.com.br\/index.php\/wp-json\/wp\/v2\/types\/post"}],"author":[{"embeddable":true,"href":"https:\/\/www.portalalerta.com.br\/index.php\/wp-json\/wp\/v2\/users\/2"}],"replies":[{"embeddable":true,"href":"https:\/\/www.portalalerta.com.br\/index.php\/wp-json\/wp\/v2\/comments?post=32926"}],"version-history":[{"count":1,"href":"https:\/\/www.portalalerta.com.br\/index.php\/wp-json\/wp\/v2\/posts\/32926\/revisions"}],"predecessor-version":[{"id":32932,"href":"https:\/\/www.portalalerta.com.br\/index.php\/wp-json\/wp\/v2\/posts\/32926\/revisions\/32932"}],"wp:featuredmedia":[{"embeddable":true,"href":"https:\/\/www.portalalerta.com.br\/index.php\/wp-json\/wp\/v2\/media\/32228"}],"wp:attachment":[{"href":"https:\/\/www.portalalerta.com.br\/index.php\/wp-json\/wp\/v2\/media?parent=32926"}],"wp:term":[{"taxonomy":"category","embeddable":true,"href":"https:\/\/www.portalalerta.com.br\/index.php\/wp-json\/wp\/v2\/categories?post=32926"},{"taxonomy":"post_tag","embeddable":true,"href":"https:\/\/www.portalalerta.com.br\/index.php\/wp-json\/wp\/v2\/tags?post=32926"}],"curies":[{"name":"wp","href":"https:\/\/api.w.org\/{rel}","templated":true}]}}