{"id":32927,"date":"2021-02-15T07:03:00","date_gmt":"2021-02-15T10:03:00","guid":{"rendered":"https:\/\/www.portalalerta.com.br\/?p=32927"},"modified":"2021-02-14T22:26:42","modified_gmt":"2021-02-15T01:26:42","slug":"acao-conjunta-entre-as-policias-civil-e-militar-prende-acusado-de-trafico-de-drogas-porte-ilegal-de-arma-de-fogo-e-receptacao-em-euclides-da-cunha-ba","status":"publish","type":"post","link":"https:\/\/www.portalalerta.com.br\/index.php\/2021\/02\/15\/acao-conjunta-entre-as-policias-civil-e-militar-prende-acusado-de-trafico-de-drogas-porte-ilegal-de-arma-de-fogo-e-receptacao-em-euclides-da-cunha-ba\/","title":{"rendered":"A\u00e7\u00e3o conjunta entre as pol\u00edcias civil e militar, prende acusado de tr\u00e1fico de drogas, porte ilegal de arma de fogo, e recepta\u00e7\u00e3o, em Euclides da Cunha-BA"},"content":{"rendered":"\n<p>No final da manh\u00e3 deste domingo, 14, uma a\u00e7\u00e3o conjunta envolvendo policiais civis de Euclides da Cunha-BA, militares da Companhia de Emprego T\u00e1tico Operacional (CETO) e do Servi\u00e7o de Intelig\u00eancia do 5\u00ba Batalh\u00e3o da Pol\u00edcia Militar, acarretou na pris\u00e3o de um jovem acusado de envolvimento com o crime organizado, no referido munic\u00edpio.<\/p>\n\n\n\n<!--more-->\n\n\n\n<p>A a\u00e7\u00e3o teve in\u00edcio, ap\u00f3s as investiga\u00e7\u00f5es apontarem que produtos de um furto ocorrido no dia 04 de janeiro do corrente ano, na cidade em quest\u00e3o, sendo eles um viol\u00e3o e uma guitarra, estariam escondidos numa resid\u00eancia situada no Bairro S\u00e3o Bartolomeu III. As equipes se dirigiram at\u00e9 a casa do suspeito, onde o encontraram, tendo sob a sua posse: 01 pistola cal. 380, contendo 12 muni\u00e7\u00f5es; 01 motocicleta Honda CB 300 de cor azul, sem documenta\u00e7\u00e3o; bem como o viol\u00e3o furtado.<\/p>\n\n\n\n<div class=\"wp-block-image\"><figure class=\"aligncenter size-large\"><img fetchpriority=\"high\" decoding=\"async\" width=\"720\" height=\"181\" src=\"https:\/\/www.portalalerta.com.br\/wp-content\/uploads\/2018\/02\/Auto-Escola-Nobre.jpg\" alt=\"\" class=\"wp-image-4869\" srcset=\"https:\/\/www.portalalerta.com.br\/wp-content\/uploads\/2018\/02\/Auto-Escola-Nobre.jpg 720w, https:\/\/www.portalalerta.com.br\/wp-content\/uploads\/2018\/02\/Auto-Escola-Nobre-260x65.jpg 260w, https:\/\/www.portalalerta.com.br\/wp-content\/uploads\/2018\/02\/Auto-Escola-Nobre-50x13.jpg 50w, https:\/\/www.portalalerta.com.br\/wp-content\/uploads\/2018\/02\/Auto-Escola-Nobre-150x38.jpg 150w\" sizes=\"(max-width: 720px) 100vw, 720px\" \/><\/figure><\/div>\n\n\n\n<p>Na sequ\u00eancia da dilig\u00eancia, os policiais encontraram em outra casa de propriedade do criminoso, onde segundo os investigadores \u00e9 utilizada para guardar objetos oriundos de crimes: 01 pedra de crack pesando 50g, 153 pedras de crack prontas para a venda, 23 trouxas contendo maconha, pacotes contendo bicarbonato de s\u00f3dio, uma quantia de R$ 1.150,00 em esp\u00e9cie, e a guitarra furtada.<\/p>\n\n\n\n<p>O criminoso, identificado pelas iniciais C.S.S, de 21 anos, foi apresentado no Complexo Policial de Euclides da Cunha, juntamente com o material apreendido.<\/p>\n\n\n\n<p>Ainda de acordo com o Chefe de Investiga\u00e7\u00e3o, Rangel, o criminoso \u00e9 apontado como cobrador de d\u00edvidas de uma fac\u00e7\u00e3o criminosa que atua na cidade.<\/p>\n\n\n\n<p><em>Reda\u00e7\u00e3o: Portal Alerta<\/em><\/p>\n\n\n\n<p><strong><em>#fiqueemcasa<\/em><\/strong><\/p>\n\n\n\n<p><em><strong>#usemascaras<\/strong><\/em><\/p>\n","protected":false},"excerpt":{"rendered":"<p>No final da manh\u00e3 deste domingo, 14, uma a\u00e7\u00e3o conjunta envolvendo policiais civis de Euclides da Cunha-BA, militares da Companhia de Emprego T\u00e1tico Operacional (CETO) e do Servi\u00e7o de Intelig\u00eancia do 5\u00ba Batalh\u00e3o da Pol\u00edcia Militar, acarretou na pris\u00e3o de um jovem acusado de envolvimento com o crime organizado, no referido munic\u00edpio.<\/p>\n","protected":false},"author":2,"featured_media":32933,"comment_status":"open","ping_status":"open","sticky":false,"template":"","format":"standard","meta":{"om_disable_all_campaigns":false,"_monsterinsights_skip_tracking":false,"_monsterinsights_sitenote_active":false,"_monsterinsights_sitenote_note":"","_monsterinsights_sitenote_category":0,"footnotes":""},"categories":[70,17,69,32,22],"tags":[557,387,565,409,129,85,122,79,83,77,3083,119,2945,76],"class_list":["post-32927","post","type-post","status-publish","format-standard","has-post-thumbnail","hentry","category-destaques","category-euclides-da-cunha","category-noticias2","category-regiao","category-seguranca","tag-25a-coorpin","tag-5o-bpm","tag-acao-conjunta","tag-ceto","tag-euclides-da-cunha","tag-furto","tag-policia-civil","tag-policia-militar","tag-porte-ilegal-de-arma-de-fogo","tag-preso","tag-produtos-recuperados","tag-receptacao","tag-soint","tag-trafico-de-drogas"],"aioseo_notices":[],"_links":{"self":[{"href":"https:\/\/www.portalalerta.com.br\/index.php\/wp-json\/wp\/v2\/posts\/32927","targetHints":{"allow":["GET"]}}],"collection":[{"href":"https:\/\/www.portalalerta.com.br\/index.php\/wp-json\/wp\/v2\/posts"}],"about":[{"href":"https:\/\/www.portalalerta.com.br\/index.php\/wp-json\/wp\/v2\/types\/post"}],"author":[{"embeddable":true,"href":"https:\/\/www.portalalerta.com.br\/index.php\/wp-json\/wp\/v2\/users\/2"}],"replies":[{"embeddable":true,"href":"https:\/\/www.portalalerta.com.br\/index.php\/wp-json\/wp\/v2\/comments?post=32927"}],"version-history":[{"count":1,"href":"https:\/\/www.portalalerta.com.br\/index.php\/wp-json\/wp\/v2\/posts\/32927\/revisions"}],"predecessor-version":[{"id":32934,"href":"https:\/\/www.portalalerta.com.br\/index.php\/wp-json\/wp\/v2\/posts\/32927\/revisions\/32934"}],"wp:featuredmedia":[{"embeddable":true,"href":"https:\/\/www.portalalerta.com.br\/index.php\/wp-json\/wp\/v2\/media\/32933"}],"wp:attachment":[{"href":"https:\/\/www.portalalerta.com.br\/index.php\/wp-json\/wp\/v2\/media?parent=32927"}],"wp:term":[{"taxonomy":"category","embeddable":true,"href":"https:\/\/www.portalalerta.com.br\/index.php\/wp-json\/wp\/v2\/categories?post=32927"},{"taxonomy":"post_tag","embeddable":true,"href":"https:\/\/www.portalalerta.com.br\/index.php\/wp-json\/wp\/v2\/tags?post=32927"}],"curies":[{"name":"wp","href":"https:\/\/api.w.org\/{rel}","templated":true}]}}