{"id":32935,"date":"2021-02-15T12:00:00","date_gmt":"2021-02-15T15:00:00","guid":{"rendered":"https:\/\/www.portalalerta.com.br\/?p=32935"},"modified":"2021-02-15T00:03:05","modified_gmt":"2021-02-15T03:03:05","slug":"ex-presidente-da-argentina-carlos-menem-morre-aos-90-anos","status":"publish","type":"post","link":"https:\/\/www.portalalerta.com.br\/index.php\/2021\/02\/15\/ex-presidente-da-argentina-carlos-menem-morre-aos-90-anos\/","title":{"rendered":"Ex-presidente da Argentina Carlos Menem morre aos 90 anos"},"content":{"rendered":"\n<p>O ex-presidente da Argentina e atual senador pela prov\u00edncia de La Rioja, Carlos Menem, morreu neste domingo (14), aos 90 anos. Ele havia sido internado devido a uma infec\u00e7\u00e3o urin\u00e1ria.<\/p>\n\n\n\n<!--more-->\n\n\n\n<div class=\"wp-block-image\"><figure class=\"alignleft size-large is-resized\"><img fetchpriority=\"high\" decoding=\"async\" src=\"https:\/\/www.portalalerta.com.br\/wp-content\/uploads\/2018\/07\/05elab.jpg\" alt=\"\" class=\"wp-image-9394\" width=\"339\" height=\"254\" srcset=\"https:\/\/www.portalalerta.com.br\/wp-content\/uploads\/2018\/07\/05elab.jpg 400w, https:\/\/www.portalalerta.com.br\/wp-content\/uploads\/2018\/07\/05elab-320x240.jpg 320w, https:\/\/www.portalalerta.com.br\/wp-content\/uploads\/2018\/07\/05elab-195x146.jpg 195w, https:\/\/www.portalalerta.com.br\/wp-content\/uploads\/2018\/07\/05elab-50x38.jpg 50w, https:\/\/www.portalalerta.com.br\/wp-content\/uploads\/2018\/07\/05elab-100x75.jpg 100w\" sizes=\"(max-width: 339px) 100vw, 339px\" \/><\/figure><\/div>\n\n\n\n<p>Menem presidiu a Argentina por mais de dez anos, entre 1989 e 1999, com uma pol\u00edtica de privatiza\u00e7\u00e3o e forte abertura \u00e0s importa\u00e7\u00f5es. Durante sua gest\u00e3o, estabeleceu a taxa de c\u00e2mbio de 1 peso igual a 1 d\u00f3lar, o que mais tarde culminou numa grave crise no pa\u00eds, em 2001.&nbsp;Ele foi acusado de in\u00fameros de casos de corrup\u00e7\u00e3o e de acobertamento de crimes.<\/p>\n\n\n\n<p>O ex-presidente teve tr\u00eas filhos em dois casamentos, o primeiro com Zulema Yoma e o segundo com a ex-miss Universo Cecilia Bolocco. Em 2019, Menem foi condenado a tr\u00eas anos e nove meses de pris\u00e3o por fraude na venda de um im\u00f3vel, na d\u00e9cada de 1990. No entendimento da Suprema Corte, o ex-presidente desviou recursos p\u00fablicos na transa\u00e7\u00e3o comercial. Como ele n\u00e3o foi condenado pelo Senado, a pris\u00e3o n\u00e3o se consumou.&nbsp;<\/p>\n\n\n\n<p><em>Fonte: Metro1<\/em><\/p>\n","protected":false},"excerpt":{"rendered":"<p>O ex-presidente da Argentina e atual senador pela prov\u00edncia de La Rioja, Carlos Menem, morreu neste domingo (14), aos 90 anos. Ele havia sido internado devido a uma infec\u00e7\u00e3o urin\u00e1ria.<\/p>\n","protected":false},"author":2,"featured_media":32939,"comment_status":"open","ping_status":"open","sticky":false,"template":"","format":"standard","meta":{"om_disable_all_campaigns":false,"_monsterinsights_skip_tracking":false,"_monsterinsights_sitenote_active":false,"_monsterinsights_sitenote_note":"","_monsterinsights_sitenote_category":0,"footnotes":""},"categories":[70,35,69,21],"tags":[297,4247,874,169,339],"class_list":["post-32935","post","type-post","status-publish","format-standard","has-post-thumbnail","hentry","category-destaques","category-mundo","category-noticias2","category-politica","tag-argentina","tag-carlos-menem","tag-ex-presidente","tag-morte","tag-mundo"],"aioseo_notices":[],"_links":{"self":[{"href":"https:\/\/www.portalalerta.com.br\/index.php\/wp-json\/wp\/v2\/posts\/32935","targetHints":{"allow":["GET"]}}],"collection":[{"href":"https:\/\/www.portalalerta.com.br\/index.php\/wp-json\/wp\/v2\/posts"}],"about":[{"href":"https:\/\/www.portalalerta.com.br\/index.php\/wp-json\/wp\/v2\/types\/post"}],"author":[{"embeddable":true,"href":"https:\/\/www.portalalerta.com.br\/index.php\/wp-json\/wp\/v2\/users\/2"}],"replies":[{"embeddable":true,"href":"https:\/\/www.portalalerta.com.br\/index.php\/wp-json\/wp\/v2\/comments?post=32935"}],"version-history":[{"count":1,"href":"https:\/\/www.portalalerta.com.br\/index.php\/wp-json\/wp\/v2\/posts\/32935\/revisions"}],"predecessor-version":[{"id":32940,"href":"https:\/\/www.portalalerta.com.br\/index.php\/wp-json\/wp\/v2\/posts\/32935\/revisions\/32940"}],"wp:featuredmedia":[{"embeddable":true,"href":"https:\/\/www.portalalerta.com.br\/index.php\/wp-json\/wp\/v2\/media\/32939"}],"wp:attachment":[{"href":"https:\/\/www.portalalerta.com.br\/index.php\/wp-json\/wp\/v2\/media?parent=32935"}],"wp:term":[{"taxonomy":"category","embeddable":true,"href":"https:\/\/www.portalalerta.com.br\/index.php\/wp-json\/wp\/v2\/categories?post=32935"},{"taxonomy":"post_tag","embeddable":true,"href":"https:\/\/www.portalalerta.com.br\/index.php\/wp-json\/wp\/v2\/tags?post=32935"}],"curies":[{"name":"wp","href":"https:\/\/api.w.org\/{rel}","templated":true}]}}