{"id":32936,"date":"2021-02-15T12:01:00","date_gmt":"2021-02-15T15:01:00","guid":{"rendered":"https:\/\/www.portalalerta.com.br\/?p=32936"},"modified":"2021-02-15T10:34:44","modified_gmt":"2021-02-15T13:34:44","slug":"prefeitura-de-ribeira-do-amparo-ba-inicia-aplicacao-da-2o-da-vacina-contra-o-coronavirus","status":"publish","type":"post","link":"https:\/\/www.portalalerta.com.br\/index.php\/2021\/02\/15\/prefeitura-de-ribeira-do-amparo-ba-inicia-aplicacao-da-2o-da-vacina-contra-o-coronavirus\/","title":{"rendered":"Prefeitura de Ribeira do Amparo-BA inicia aplica\u00e7\u00e3o da 2\u00ba dose da Vacina contra o Coronav\u00edrus"},"content":{"rendered":"\n<p>O munic\u00edpio de Ribeira do Amparo-BA atrav\u00e9s da Secretaria de Sa\u00fade, est\u00e1 convocando os servidores da sa\u00fade que foram vacinados com a 1\u00aa dose da Coronavac, entre os dias 19 e 22 de janeiro do corrente ano, para receberem a segunda dose do imunizante.<\/p>\n\n\n\n<!--more-->\n\n\n\n<div class=\"wp-block-image\"><figure class=\"aligncenter size-large\"><img decoding=\"async\" src=\"https:\/\/www.portalalerta.com.br\/wp-content\/uploads\/2021\/01\/Moda-Ver\u00e3o-Real-Cal\u00e7ados-2021.jpeg\" alt=\"\" class=\"wp-image-31690\"\/><\/figure><\/div>\n\n\n\n<p>Os referidos servidores dever\u00e3o comparecer \u00e0 Unidade B\u00e1sica de Sa\u00fade Nelson Barros, j\u00e1 nesta segunda-feira, 15, munidos do Cart\u00e3o de Vacina e documentos pessoais.<\/p>\n\n\n\n<p><em>Reda\u00e7\u00e3o: Portal Alerta<\/em><\/p>\n\n\n\n<p><strong><em>#fiqueemcasa<\/em><\/strong><\/p>\n\n\n\n<p><em><strong>#usemascaras<\/strong><\/em><\/p>\n","protected":false},"excerpt":{"rendered":"<p>O munic\u00edpio de Ribeira do Amparo-BA atrav\u00e9s da Secretaria de Sa\u00fade, est\u00e1 convocando os servidores da sa\u00fade que foram vacinados com a 1\u00aa dose da Coronavac, entre os dias 19 e 22 de janeiro do corrente ano, para receberem a segunda dose do imunizante.<\/p>\n","protected":false},"author":2,"featured_media":32115,"comment_status":"open","ping_status":"open","sticky":false,"template":"","format":"standard","meta":{"om_disable_all_campaigns":false,"_monsterinsights_skip_tracking":false,"_monsterinsights_sitenote_active":false,"_monsterinsights_sitenote_note":"","_monsterinsights_sitenote_category":0,"footnotes":""},"categories":[70,69,32,16,19],"tags":[3960,3429,3486,145,88,433,3570],"class_list":["post-32936","post","type-post","status-publish","format-standard","has-post-thumbnail","hentry","category-destaques","category-noticias2","category-regiao","category-ribeira-do-amparo","category-saude","tag-coronavac","tag-coronavirus","tag-covid-19","tag-prefeitura","tag-ribeira-do-amparo","tag-secretaria-de-saude","tag-vacina"],"aioseo_notices":[],"_links":{"self":[{"href":"https:\/\/www.portalalerta.com.br\/index.php\/wp-json\/wp\/v2\/posts\/32936","targetHints":{"allow":["GET"]}}],"collection":[{"href":"https:\/\/www.portalalerta.com.br\/index.php\/wp-json\/wp\/v2\/posts"}],"about":[{"href":"https:\/\/www.portalalerta.com.br\/index.php\/wp-json\/wp\/v2\/types\/post"}],"author":[{"embeddable":true,"href":"https:\/\/www.portalalerta.com.br\/index.php\/wp-json\/wp\/v2\/users\/2"}],"replies":[{"embeddable":true,"href":"https:\/\/www.portalalerta.com.br\/index.php\/wp-json\/wp\/v2\/comments?post=32936"}],"version-history":[{"count":2,"href":"https:\/\/www.portalalerta.com.br\/index.php\/wp-json\/wp\/v2\/posts\/32936\/revisions"}],"predecessor-version":[{"id":32947,"href":"https:\/\/www.portalalerta.com.br\/index.php\/wp-json\/wp\/v2\/posts\/32936\/revisions\/32947"}],"wp:featuredmedia":[{"embeddable":true,"href":"https:\/\/www.portalalerta.com.br\/index.php\/wp-json\/wp\/v2\/media\/32115"}],"wp:attachment":[{"href":"https:\/\/www.portalalerta.com.br\/index.php\/wp-json\/wp\/v2\/media?parent=32936"}],"wp:term":[{"taxonomy":"category","embeddable":true,"href":"https:\/\/www.portalalerta.com.br\/index.php\/wp-json\/wp\/v2\/categories?post=32936"},{"taxonomy":"post_tag","embeddable":true,"href":"https:\/\/www.portalalerta.com.br\/index.php\/wp-json\/wp\/v2\/tags?post=32936"}],"curies":[{"name":"wp","href":"https:\/\/api.w.org\/{rel}","templated":true}]}}