{"id":32937,"date":"2021-02-15T12:02:00","date_gmt":"2021-02-15T15:02:00","guid":{"rendered":"https:\/\/www.portalalerta.com.br\/?p=32937"},"modified":"2021-02-15T00:11:17","modified_gmt":"2021-02-15T03:11:17","slug":"sao-paulo-detecta-variante-do-coronavirus-em-paciente-que-nao-esteve-em-manaus","status":"publish","type":"post","link":"https:\/\/www.portalalerta.com.br\/index.php\/2021\/02\/15\/sao-paulo-detecta-variante-do-coronavirus-em-paciente-que-nao-esteve-em-manaus\/","title":{"rendered":"S\u00e3o Paulo detecta variante do coronav\u00edrus em paciente que n\u00e3o esteve em Manaus"},"content":{"rendered":"\n<p><br>A Prefeitura de S\u00e3o Paulo divulgou no \u00faltimo s\u00e1bado (13) a confirma\u00e7\u00e3o de que um paciente foi diagnosticado com a variante do coronav\u00edrus, que circula em Manaus, sem ter ido ao estado do Amazonas.&nbsp;<\/p>\n\n\n\n<!--more-->\n\n\n\n<div data-mvc-banner=\"leaderboard\"><\/div><script type=\"text\/javascript\"> (function(storeName) { var b = document.createElement('script'); b.type = 'text\/javascript'; b.async = true; b.src = 'https:\/\/www.magazinevoce.com.br\/js\/banner.js?store='+ storeName; var s = document.getElementsByTagName('script')[0]; s.parentNode.insertBefore(b, s); })('Nvscosta'); <\/script>\n\n\n\n<p>Segundo a administra\u00e7\u00e3o municipal, o resultado do exame saiu no s\u00e1bado. O paciente apresentou sintomas leves e n\u00e3o precisou ser internado.<\/p>\n\n\n\n<p>A Secretaria Municipal da Sa\u00fade alertou para a maior transmissibilidade da cepa \u201ce recomenda a busca imediata do Servi\u00e7o de Sa\u00fade do munic\u00edpio de S\u00e3o Paulo em caso de qualquer sintoma da doen\u00e7a \u2013 tosse, febre, dor de cabe\u00e7a, entre outros.\u201d<\/p>\n\n\n\n<p><em>Fonte: Metro1<\/em><\/p>\n","protected":false},"excerpt":{"rendered":"<p>A Prefeitura de S\u00e3o Paulo divulgou no \u00faltimo s\u00e1bado (13) a confirma\u00e7\u00e3o de que um paciente foi diagnosticado com a variante do coronav\u00edrus, que circula em Manaus, sem ter ido ao estado do Amazonas.&nbsp;<\/p>\n","protected":false},"author":2,"featured_media":22776,"comment_status":"open","ping_status":"open","sticky":false,"template":"","format":"standard","meta":{"om_disable_all_campaigns":false,"_monsterinsights_skip_tracking":false,"_monsterinsights_sitenote_active":false,"_monsterinsights_sitenote_note":"","_monsterinsights_sitenote_category":0,"footnotes":""},"categories":[34,70,69,19],"tags":[93,3429,3486,404,61,4212],"class_list":["post-32937","post","type-post","status-publish","format-standard","has-post-thumbnail","hentry","category-brasil","category-destaques","category-noticias2","category-saude","tag-brasil","tag-coronavirus","tag-covid-19","tag-sao-paulo","tag-saude","tag-variante"],"aioseo_notices":[],"_links":{"self":[{"href":"https:\/\/www.portalalerta.com.br\/index.php\/wp-json\/wp\/v2\/posts\/32937","targetHints":{"allow":["GET"]}}],"collection":[{"href":"https:\/\/www.portalalerta.com.br\/index.php\/wp-json\/wp\/v2\/posts"}],"about":[{"href":"https:\/\/www.portalalerta.com.br\/index.php\/wp-json\/wp\/v2\/types\/post"}],"author":[{"embeddable":true,"href":"https:\/\/www.portalalerta.com.br\/index.php\/wp-json\/wp\/v2\/users\/2"}],"replies":[{"embeddable":true,"href":"https:\/\/www.portalalerta.com.br\/index.php\/wp-json\/wp\/v2\/comments?post=32937"}],"version-history":[{"count":1,"href":"https:\/\/www.portalalerta.com.br\/index.php\/wp-json\/wp\/v2\/posts\/32937\/revisions"}],"predecessor-version":[{"id":32942,"href":"https:\/\/www.portalalerta.com.br\/index.php\/wp-json\/wp\/v2\/posts\/32937\/revisions\/32942"}],"wp:featuredmedia":[{"embeddable":true,"href":"https:\/\/www.portalalerta.com.br\/index.php\/wp-json\/wp\/v2\/media\/22776"}],"wp:attachment":[{"href":"https:\/\/www.portalalerta.com.br\/index.php\/wp-json\/wp\/v2\/media?parent=32937"}],"wp:term":[{"taxonomy":"category","embeddable":true,"href":"https:\/\/www.portalalerta.com.br\/index.php\/wp-json\/wp\/v2\/categories?post=32937"},{"taxonomy":"post_tag","embeddable":true,"href":"https:\/\/www.portalalerta.com.br\/index.php\/wp-json\/wp\/v2\/tags?post=32937"}],"curies":[{"name":"wp","href":"https:\/\/api.w.org\/{rel}","templated":true}]}}