{"id":32949,"date":"2021-02-15T18:00:00","date_gmt":"2021-02-15T21:00:00","guid":{"rendered":"https:\/\/www.portalalerta.com.br\/?p=32949"},"modified":"2021-02-15T15:00:46","modified_gmt":"2021-02-15T18:00:46","slug":"com-20-contaminados-por-mutacoes-do-coronavirus-cidade-de-sp-decreta-lockdown","status":"publish","type":"post","link":"https:\/\/www.portalalerta.com.br\/index.php\/2021\/02\/15\/com-20-contaminados-por-mutacoes-do-coronavirus-cidade-de-sp-decreta-lockdown\/","title":{"rendered":"Com 20 contaminados por muta\u00e7\u00f5es do coronav\u00edrus, cidade de SP decreta lockdown"},"content":{"rendered":"\n<p>A variante de Manaus do coronav\u00edrus j\u00e1 circula na cidade de S\u00e3o Paulo, informou a prefeitura no s\u00e1bado. A nova cepa foi identificada em um morador da capital que n\u00e3o esteve no Amazonas. O paciente apresentou sintomas leves de s\u00edndrome gripal e n\u00e3o precisou de interna\u00e7\u00e3o. Com 20 pacientes contaminados por duas variantes distintas do novo coronav\u00edrus, a Prefeitura de Araraquara, no interior de S\u00e3o Paulo, decretou lockdown, que entrar\u00e1 em vigor a partir desta segunda-feira e valer\u00e1 por 15 dias.<\/p>\n\n\n\n<!--more-->\n\n\n\n<p>A Secretaria municipal da Sa\u00fade da cidade de SP alertou a popula\u00e7\u00e3o sobre a maior transmissibilidade dessa variante e recomendou a busca imediata do Servi\u00e7o de Sa\u00fade do munic\u00edpio em caso de qualquer sintoma da doen\u00e7a \u2013 tosse, febre, dor de cabe\u00e7a, entre outros. A detec\u00e7\u00e3o do caso positivo ocorreu na sexta-feira. O exame foi realizado pelo Instituto de Medicina Tropical, da Universidade de S\u00e3o Paulo. A imunologista Ester Sabino, professora da Universidade de S\u00e3o Paulo (USP), diz ser poss\u00edvel que a variante comece a crescer de forma acelerada na cidade.<\/p>\n\n\n\n<div class=\"wp-block-image\"><figure class=\"aligncenter size-large\"><img fetchpriority=\"high\" decoding=\"async\" width=\"720\" height=\"181\" src=\"https:\/\/www.portalalerta.com.br\/wp-content\/uploads\/2018\/02\/Auto-Escola-Nobre.jpg\" alt=\"\" class=\"wp-image-4869\" srcset=\"https:\/\/www.portalalerta.com.br\/wp-content\/uploads\/2018\/02\/Auto-Escola-Nobre.jpg 720w, https:\/\/www.portalalerta.com.br\/wp-content\/uploads\/2018\/02\/Auto-Escola-Nobre-260x65.jpg 260w, https:\/\/www.portalalerta.com.br\/wp-content\/uploads\/2018\/02\/Auto-Escola-Nobre-50x13.jpg 50w, https:\/\/www.portalalerta.com.br\/wp-content\/uploads\/2018\/02\/Auto-Escola-Nobre-150x38.jpg 150w\" sizes=\"(max-width: 720px) 100vw, 720px\" \/><\/figure><\/div>\n\n\n\n<p>\u2014 S\u00e3o Paulo recebe a maioria dos voos de Manaus. Os casos da variante come\u00e7aram em dezembro, ent\u00e3o j\u00e1 estamos recebendo poss\u00edveis infectados h\u00e1 dois meses \u2014 disse Sabino, afirmando que a variante identificada em tem potencial para infectar pessoas que j\u00e1 tiveram a Covid-19.<\/p>\n\n\n\n<p>Na capital paulista, at\u00e9 sexta, sete pacientes com suspeita de terem sido contaminados pela nova variante foram internados. Destes, dois morreram, quatro receberam alta e um segue internado. At\u00e9 quinta-feira, havia nove casos confirmados da nova cepa no estado. No Rio, foram identificadas falhas no atendimento a pacientes transferidos que poderiam comprometer o tratamento de outras pessoas internadas. A Defensoria P\u00fablica do Rio e da Uni\u00e3o e o Minist\u00e9rio P\u00fablico Estadual e o Federal realizaram vistorias e enviaram of\u00edcio ao Minist\u00e9rio da Sa\u00fade cobrando explica\u00e7\u00f5es. At\u00e9 o momento, as autoridades n\u00e3o confirmaram se a nova variante foi constatada entre pacientes transferidos de Manaus para c\u00e1.<\/p>\n\n\n\n<p><em>Fonte: Yahoo Not\u00edcias<\/em><\/p>\n","protected":false},"excerpt":{"rendered":"<p>A variante de Manaus do coronav\u00edrus j\u00e1 circula na cidade de S\u00e3o Paulo, informou a prefeitura no s\u00e1bado. A nova cepa foi identificada em um morador da capital que n\u00e3o esteve no Amazonas. O paciente apresentou sintomas leves de s\u00edndrome gripal e n\u00e3o precisou de interna\u00e7\u00e3o. Com 20 pacientes contaminados por duas variantes distintas do &hellip;<\/p>\n","protected":false},"author":2,"featured_media":23221,"comment_status":"open","ping_status":"open","sticky":false,"template":"","format":"standard","meta":{"om_disable_all_campaigns":false,"_monsterinsights_skip_tracking":false,"_monsterinsights_sitenote_active":false,"_monsterinsights_sitenote_note":"","_monsterinsights_sitenote_category":0,"footnotes":""},"categories":[34,70,69,19],"tags":[93,3429,3486,3627,145,404,61],"class_list":["post-32949","post","type-post","status-publish","format-standard","has-post-thumbnail","hentry","category-brasil","category-destaques","category-noticias2","category-saude","tag-brasil","tag-coronavirus","tag-covid-19","tag-lockdown","tag-prefeitura","tag-sao-paulo","tag-saude"],"aioseo_notices":[],"_links":{"self":[{"href":"https:\/\/www.portalalerta.com.br\/index.php\/wp-json\/wp\/v2\/posts\/32949","targetHints":{"allow":["GET"]}}],"collection":[{"href":"https:\/\/www.portalalerta.com.br\/index.php\/wp-json\/wp\/v2\/posts"}],"about":[{"href":"https:\/\/www.portalalerta.com.br\/index.php\/wp-json\/wp\/v2\/types\/post"}],"author":[{"embeddable":true,"href":"https:\/\/www.portalalerta.com.br\/index.php\/wp-json\/wp\/v2\/users\/2"}],"replies":[{"embeddable":true,"href":"https:\/\/www.portalalerta.com.br\/index.php\/wp-json\/wp\/v2\/comments?post=32949"}],"version-history":[{"count":1,"href":"https:\/\/www.portalalerta.com.br\/index.php\/wp-json\/wp\/v2\/posts\/32949\/revisions"}],"predecessor-version":[{"id":32953,"href":"https:\/\/www.portalalerta.com.br\/index.php\/wp-json\/wp\/v2\/posts\/32949\/revisions\/32953"}],"wp:featuredmedia":[{"embeddable":true,"href":"https:\/\/www.portalalerta.com.br\/index.php\/wp-json\/wp\/v2\/media\/23221"}],"wp:attachment":[{"href":"https:\/\/www.portalalerta.com.br\/index.php\/wp-json\/wp\/v2\/media?parent=32949"}],"wp:term":[{"taxonomy":"category","embeddable":true,"href":"https:\/\/www.portalalerta.com.br\/index.php\/wp-json\/wp\/v2\/categories?post=32949"},{"taxonomy":"post_tag","embeddable":true,"href":"https:\/\/www.portalalerta.com.br\/index.php\/wp-json\/wp\/v2\/tags?post=32949"}],"curies":[{"name":"wp","href":"https:\/\/api.w.org\/{rel}","templated":true}]}}