{"id":32950,"date":"2021-02-15T18:02:00","date_gmt":"2021-02-15T21:02:00","guid":{"rendered":"https:\/\/www.portalalerta.com.br\/?p=32950"},"modified":"2021-02-15T16:43:21","modified_gmt":"2021-02-15T19:43:21","slug":"festival-balaiano-abre-convocatoria-para-artistas-de-toda-bahia","status":"publish","type":"post","link":"https:\/\/www.portalalerta.com.br\/index.php\/2021\/02\/15\/festival-balaiano-abre-convocatoria-para-artistas-de-toda-bahia\/","title":{"rendered":"Festival Balaiano abre convocat\u00f3ria para artistas de toda Bahia"},"content":{"rendered":"\n<p><em>Propostas nas \u00e1reas de teatro, dan\u00e7a, m\u00fasica, audiovisual e fotografia podem ser inscritas entre 10&nbsp; e 16 de fevereiro.<\/em><\/p>\n\n\n\n<!--more-->\n\n\n\n<p>Artistas de toda a Bahia, atuantes nas mais diversas linguagens art\u00edsticas, est\u00e3o convidados a participar da 1\u00aa edi\u00e7\u00e3o do <strong>Festival Balaiano<\/strong>, que&nbsp; selecionar\u00e1 apresenta\u00e7\u00f5es de teatro, m\u00fasica e dan\u00e7a, mostras de fotografia, filmes e artesanato para compor a sua programa\u00e7\u00e3o. O festival acontece de forma online, atrav\u00e9s do youtube, em dois finais de semana consecutivos, <strong>12, 13 e 14&nbsp; de mar\u00e7o e 19, 20 e 21 do mesmo m\u00eas.<\/strong> Os trabalhos selecionados para participar do evento tamb\u00e9m receber\u00e3o uma premia\u00e7\u00e3o. As inscri\u00e7\u00f5es s\u00e3o gratuitas e acontecem de <strong>10 a 16 de fevereiro<\/strong><strong>,<\/strong> atrav\u00e9s do site: <strong>www.festivalbalaiano.com.br<\/strong>. Os interessados tamb\u00e9m podem acompanhar as informa\u00e7\u00f5es atrav\u00e9s do instagram<a href=\"https:\/\/www.instagram.com\/festivalbalaiano\/\"><strong>@festivalbalaiano<\/strong><\/a><strong> e facebook<\/strong><a href=\"https:\/\/www.facebook.com\/festivalbalaiano\/\"><strong> \/festivalbalaiano<\/strong><\/a><strong>.<\/strong><\/p>\n\n\n\n<p>A iniciativa tem como objetivo contemplar a diversidade cultural do estado da Bahia atrav\u00e9s de seus seis macroterrit\u00f3rios e propor uma rede colaborativa entre esses artistas. A equipe da curadoria, respons\u00e1vel pela sele\u00e7\u00e3o dos candidatos, ser\u00e1 composta por representantes de diferentes segmentos art\u00edsticos da capital e do interior e pretendem selecionar <strong>12 apresenta\u00e7\u00f5es musicais, 12 performances, 6 exposi\u00e7\u00f5es fotogr\u00e1ficas e 6 curtas-metragens<\/strong> de produ\u00e7\u00e3o baiana e independente para integrar o evento. Dentre os crit\u00e9rios para sele\u00e7\u00e3o, ser\u00e3o priorizadas as produ\u00e7\u00f5es realizadas por mulheres cis e\/ou transg\u00eaneras, e tem\u00e1ticas que envolvam a promo\u00e7\u00e3o da equidade de g\u00eanero, igualdade racial e acessibilidade.<\/p>\n\n\n\n<div data-mvc-banner=\"leaderboard\"><\/div><script type=\"text\/javascript\"> (function(storeName) { var b = document.createElement('script'); b.type = 'text\/javascript'; b.async = true; b.src = 'https:\/\/www.magazinevoce.com.br\/js\/banner.js?store='+ storeName; var s = document.getElementsByTagName('script')[0]; s.parentNode.insertBefore(b, s); })('Nvscosta'); <\/script>\n\n\n\n<p>O Festival Balaiano nasce a partir da inquieta\u00e7\u00e3o de um grupo de produtores culturais em encontrar novas maneiras de fomentar a arte e estimular a forma\u00e7\u00e3o de cadeias produtivas art\u00edsticas baianas. De acordo com os coordenadores do projeto, Andr\u00e9 Oliveira, Edmilia Barros e Angela Marques, a proposta \u00e9 evidenciar grupos criativos pouco conhecidos e engaj\u00e1-los a interagir com artistas semelhantes, como forma de fortalecer e disseminar as produ\u00e7\u00f5es por todas as regi\u00f5es do estado. Cada dia do festival ter\u00e1 um dos macroterrit\u00f3rios em destaque e homenagear\u00e1 uma personalidade local que tem especial contribui\u00e7\u00e3o \u00e0s artes e cultura baiana.<\/p>\n\n\n\n<p><strong>Banco Cultural para integra\u00e7\u00e3o de artistas<\/strong><\/p>\n\n\n\n<p>Al\u00e9m da realiza\u00e7\u00e3o do festival, o projeto tem como prop\u00f3sito criar um banco cultural para integra\u00e7\u00e3o de artistas baianos atrav\u00e9s de um site. A ideia \u00e9 disponibilizar um espa\u00e7o para cadastro de profissionais das mais diversas \u00e1reas art\u00edsticas para promover encontros, debates e o fomento da arte produzida no estado. \u201cA produ\u00e7\u00e3o art\u00edstica e cultural da Bahia \u00e9 muito rica e diversa. Nossa inten\u00e7\u00e3o \u00e9 fortalecer o reconhecimento dessas&nbsp; manifesta\u00e7\u00f5es e promover um elo entre capital-interior, tradicional-moderno, artesanal-tecnol\u00f3gico e&nbsp; som-imagem, atrav\u00e9s de uma rede que chegue nos quatro cantos do estado e ajude a preservar saberes e pr\u00e1ticas criativas\u201d, afirma a coordenadora de comunica\u00e7\u00e3o do projeto, Rafaela Bandeira.<\/p>\n\n\n\n<p>O projeto tem apoio financeiro do Estado da Bahia atrav\u00e9s da Secretaria de Cultura e da Funda\u00e7\u00e3o Cultural do Estado da Bahia (Programa Aldir Blanc Bahia) via Lei Aldir Blanc, direcionada pela Secretaria Especial da Cultura do Minist\u00e9rio do Turismo, Governo Federal.<\/p>\n\n\n\n<p><strong>SERVI\u00c7O:<\/strong><\/p>\n\n\n\n<p><strong>Convocat\u00f3ria para Festival Balaiano<\/strong><\/p>\n\n\n\n<p><strong>Inscri\u00e7\u00f5es<\/strong>: De <strong>10 a 16 de fevereiro<\/strong> no <strong>site<\/strong>: <a href=\"http:\/\/www.festivalbalaiano.com.br\">www.festivalbalaiano.com.br<\/a><\/p>\n\n\n\n<p><strong>Realiza\u00e7\u00e3o do Festival: <\/strong>12, 13, 14, 19, 20 e 21 de mar\u00e7o<\/p>\n\n\n\n<p><strong>Instagram<\/strong>: <a href=\"https:\/\/www.instagram.com\/festivalbalaiano\/\">@festivalbalaiano<\/a><\/p>\n\n\n\n<p><strong>Facebook:<\/strong><a href=\"https:\/\/www.facebook.com\/festivalbalaiano\/\"><strong> <\/strong><\/a><a href=\"https:\/\/www.facebook.com\/festivalbalaiano\/\">\/festivalbalaiano<\/a><\/p>\n","protected":false},"excerpt":{"rendered":"<p>Propostas nas \u00e1reas de teatro, dan\u00e7a, m\u00fasica, audiovisual e fotografia podem ser inscritas entre 10&nbsp; e 16 de fevereiro.<\/p>\n","protected":false},"author":2,"featured_media":32960,"comment_status":"open","ping_status":"open","sticky":false,"template":"","format":"standard","meta":{"om_disable_all_campaigns":false,"_monsterinsights_skip_tracking":false,"_monsterinsights_sitenote_active":false,"_monsterinsights_sitenote_note":"","_monsterinsights_sitenote_category":0,"footnotes":""},"categories":[33,70,69],"tags":[964,54,1031,4249],"class_list":["post-32950","post","type-post","status-publish","format-standard","has-post-thumbnail","hentry","category-bahia","category-destaques","category-noticias2","tag-arte","tag-bahia","tag-cultura","tag-festival-balaiano"],"aioseo_notices":[],"_links":{"self":[{"href":"https:\/\/www.portalalerta.com.br\/index.php\/wp-json\/wp\/v2\/posts\/32950","targetHints":{"allow":["GET"]}}],"collection":[{"href":"https:\/\/www.portalalerta.com.br\/index.php\/wp-json\/wp\/v2\/posts"}],"about":[{"href":"https:\/\/www.portalalerta.com.br\/index.php\/wp-json\/wp\/v2\/types\/post"}],"author":[{"embeddable":true,"href":"https:\/\/www.portalalerta.com.br\/index.php\/wp-json\/wp\/v2\/users\/2"}],"replies":[{"embeddable":true,"href":"https:\/\/www.portalalerta.com.br\/index.php\/wp-json\/wp\/v2\/comments?post=32950"}],"version-history":[{"count":1,"href":"https:\/\/www.portalalerta.com.br\/index.php\/wp-json\/wp\/v2\/posts\/32950\/revisions"}],"predecessor-version":[{"id":32957,"href":"https:\/\/www.portalalerta.com.br\/index.php\/wp-json\/wp\/v2\/posts\/32950\/revisions\/32957"}],"wp:featuredmedia":[{"embeddable":true,"href":"https:\/\/www.portalalerta.com.br\/index.php\/wp-json\/wp\/v2\/media\/32960"}],"wp:attachment":[{"href":"https:\/\/www.portalalerta.com.br\/index.php\/wp-json\/wp\/v2\/media?parent=32950"}],"wp:term":[{"taxonomy":"category","embeddable":true,"href":"https:\/\/www.portalalerta.com.br\/index.php\/wp-json\/wp\/v2\/categories?post=32950"},{"taxonomy":"post_tag","embeddable":true,"href":"https:\/\/www.portalalerta.com.br\/index.php\/wp-json\/wp\/v2\/tags?post=32950"}],"curies":[{"name":"wp","href":"https:\/\/api.w.org\/{rel}","templated":true}]}}