{"id":32951,"date":"2021-02-15T18:01:00","date_gmt":"2021-02-15T21:01:00","guid":{"rendered":"https:\/\/www.portalalerta.com.br\/?p=32951"},"modified":"2021-02-15T15:22:13","modified_gmt":"2021-02-15T18:22:13","slug":"prefeito-de-nova-soure-ba-se-reune-com-delegada-geral-em-busca-de-melhorias-para-a-policia-civil-da-cidade","status":"publish","type":"post","link":"https:\/\/www.portalalerta.com.br\/index.php\/2021\/02\/15\/prefeito-de-nova-soure-ba-se-reune-com-delegada-geral-em-busca-de-melhorias-para-a-policia-civil-da-cidade\/","title":{"rendered":"Prefeito de Nova Soure-BA se re\u00fane com Delegada Geral, em busca de melhorias para a Pol\u00edcia Civil da cidade"},"content":{"rendered":"\n<p>Na \u00faltima semana, o prefeito de Nova Soure-BA Lu\u00edz C\u00e1ssio (Cassinho), esteve reunido com a Delegada Geral da Pol\u00edcia Civil da Bahia, a Dra Helo\u00edsa Campos de Brito, e com o Deputado Estadual Alex da Piat\u00e3 (PSD).<\/p>\n\n\n\n<!--more-->\n\n\n\n<p>Na pauta da reuni\u00e3o estava a melhoria para a Pol\u00edcia Civil no munic\u00edpio, incluindo a reforma ou mudan\u00e7a de endere\u00e7o da Delegacia, e o aumento do efetivo.<\/p>\n\n\n\n<div class=\"wp-block-image\"><figure class=\"aligncenter size-large\"><img decoding=\"async\" src=\"https:\/\/www.portalalerta.com.br\/wp-content\/uploads\/2021\/01\/Moda-Ver\u00e3o-Real-Cal\u00e7ados-2021.jpeg\" alt=\"\" class=\"wp-image-31690\"\/><\/figure><\/div>\n\n\n\n<p>De acordo com Cassinho, o objetivo \u00e9 \u201cpromover melhores condi\u00e7\u00f5es de trabalho, com uma estrutura mais confort\u00e1vel e adequada, bem como refor\u00e7ar a seguran\u00e7a p\u00fablica da cidade\u201d, afirmou.<\/p>\n\n\n\n<p><em>Reda\u00e7\u00e3o: Portal Alerta<\/em><\/p>\n\n\n\n<p><em><strong>#fiqueemcasa<\/strong><\/em><\/p>\n\n\n\n<p><em><strong>#usemascaras<\/strong><\/em><\/p>\n","protected":false},"excerpt":{"rendered":"<p>Na \u00faltima semana, o prefeito de Nova Soure-BA Lu\u00edz C\u00e1ssio (Cassinho), esteve reunido com a Delegada Geral da Pol\u00edcia Civil da Bahia, a Dra Helo\u00edsa Campos de Brito, e com o Deputado Estadual Alex da Piat\u00e3 (PSD).<\/p>\n","protected":false},"author":2,"featured_media":32954,"comment_status":"open","ping_status":"open","sticky":false,"template":"","format":"standard","meta":{"om_disable_all_campaigns":false,"_monsterinsights_skip_tracking":false,"_monsterinsights_sitenote_active":false,"_monsterinsights_sitenote_note":"","_monsterinsights_sitenote_category":0,"footnotes":""},"categories":[70,69,14,21,32,22],"tags":[1875,716,4248,350,106,122,198,961],"class_list":["post-32951","post","type-post","status-publish","format-standard","has-post-thumbnail","hentry","category-destaques","category-noticias2","category-nova-soure","category-politica","category-regiao","category-seguranca","tag-alex-da-piata","tag-cassinho","tag-delegada-geral","tag-deputado-estadual","tag-nova-soure","tag-policia-civil","tag-prefeito","tag-psd"],"aioseo_notices":[],"_links":{"self":[{"href":"https:\/\/www.portalalerta.com.br\/index.php\/wp-json\/wp\/v2\/posts\/32951","targetHints":{"allow":["GET"]}}],"collection":[{"href":"https:\/\/www.portalalerta.com.br\/index.php\/wp-json\/wp\/v2\/posts"}],"about":[{"href":"https:\/\/www.portalalerta.com.br\/index.php\/wp-json\/wp\/v2\/types\/post"}],"author":[{"embeddable":true,"href":"https:\/\/www.portalalerta.com.br\/index.php\/wp-json\/wp\/v2\/users\/2"}],"replies":[{"embeddable":true,"href":"https:\/\/www.portalalerta.com.br\/index.php\/wp-json\/wp\/v2\/comments?post=32951"}],"version-history":[{"count":1,"href":"https:\/\/www.portalalerta.com.br\/index.php\/wp-json\/wp\/v2\/posts\/32951\/revisions"}],"predecessor-version":[{"id":32955,"href":"https:\/\/www.portalalerta.com.br\/index.php\/wp-json\/wp\/v2\/posts\/32951\/revisions\/32955"}],"wp:featuredmedia":[{"embeddable":true,"href":"https:\/\/www.portalalerta.com.br\/index.php\/wp-json\/wp\/v2\/media\/32954"}],"wp:attachment":[{"href":"https:\/\/www.portalalerta.com.br\/index.php\/wp-json\/wp\/v2\/media?parent=32951"}],"wp:term":[{"taxonomy":"category","embeddable":true,"href":"https:\/\/www.portalalerta.com.br\/index.php\/wp-json\/wp\/v2\/categories?post=32951"},{"taxonomy":"post_tag","embeddable":true,"href":"https:\/\/www.portalalerta.com.br\/index.php\/wp-json\/wp\/v2\/tags?post=32951"}],"curies":[{"name":"wp","href":"https:\/\/api.w.org\/{rel}","templated":true}]}}