{"id":32952,"date":"2021-02-15T18:03:00","date_gmt":"2021-02-15T21:03:00","guid":{"rendered":"https:\/\/www.portalalerta.com.br\/?p=32952"},"modified":"2021-02-15T15:42:38","modified_gmt":"2021-02-15T18:42:38","slug":"gcm-de-fatima-ba-se-torna-pioneira-no-brasil-a-adquirir-porte-de-arma-institucional","status":"publish","type":"post","link":"https:\/\/www.portalalerta.com.br\/index.php\/2021\/02\/15\/gcm-de-fatima-ba-se-torna-pioneira-no-brasil-a-adquirir-porte-de-arma-institucional\/","title":{"rendered":"GCM de F\u00e1tima-BA se torna pioneira no Brasil ao adquirir Porte de Arma Institucional"},"content":{"rendered":"\n<p>Na \u00faltima quinta-feira (11) a Guarda Civil Municipal de F\u00e1tima-BA anunciou que foi aprovado o Porte de Arma de fogo Institucional por meio de coopera\u00e7\u00e3o t\u00e9cnica com a Pol\u00edcia Federal, em conformidade com a legisla\u00e7\u00e3o vigente.<\/p>\n\n\n\n<!--more-->\n\n\n\n<p>Com 17.845 habitantes, F\u00e1tima-BA \u00e9 o primeiro munic\u00edpio do Brasil, em situa\u00e7\u00e3o semelhante, a ter uma Guarda Civil Municipal armada.<\/p>\n\n\n\n<div class=\"wp-block-image\"><figure class=\"alignleft size-large is-resized\"><img fetchpriority=\"high\" decoding=\"async\" src=\"https:\/\/www.portalalerta.com.br\/wp-content\/uploads\/2018\/07\/05elab.jpg\" alt=\"\" class=\"wp-image-9394\" width=\"286\" height=\"214\" srcset=\"https:\/\/www.portalalerta.com.br\/wp-content\/uploads\/2018\/07\/05elab.jpg 400w, https:\/\/www.portalalerta.com.br\/wp-content\/uploads\/2018\/07\/05elab-320x240.jpg 320w, https:\/\/www.portalalerta.com.br\/wp-content\/uploads\/2018\/07\/05elab-195x146.jpg 195w, https:\/\/www.portalalerta.com.br\/wp-content\/uploads\/2018\/07\/05elab-50x38.jpg 50w, https:\/\/www.portalalerta.com.br\/wp-content\/uploads\/2018\/07\/05elab-100x75.jpg 100w\" sizes=\"(max-width: 286px) 100vw, 286px\" \/><\/figure><\/div>\n\n\n\n<p>Em nota, a GCM afirmou que tal conquista se deve ao per\u00edodo de cinco anos de organiza\u00e7\u00e3o jur\u00eddica, onde foram implantados\/ criados: Comandos de carreira de n\u00edvel superior, estatuto e plano de carreira pr\u00f3prios, base pr\u00f3pria, n\u00famero de urg\u00eancia 153, Cons\u00f3rcio de Seguran\u00e7a &nbsp;P\u00fablica entre Guardas Municipais do Semi\u00e1rido Nordeste II, CNPJ da institui\u00e7\u00e3o, &nbsp;R\u00e1dio de Comunica\u00e7\u00e3o fixo e m\u00f3vel, Corregedoria e Ouvidoria, Centro de Forma\u00e7\u00e3o e Especializa\u00e7\u00e3o da Guarda \u2013 CENFEG, INFOSEG, Conselho Municipal de Seguran\u00e7a P\u00fablica, Fundo Municipal de Seguran\u00e7a P\u00fablica.<\/p>\n\n\n\n<p><em>Reda\u00e7\u00e3o: Portal Alerta<\/em><\/p>\n\n\n\n<p><strong><em>#fiqueemcasa<\/em><\/strong><\/p>\n\n\n\n<p><strong><em>#usemascaras<\/em><\/strong><\/p>\n","protected":false},"excerpt":{"rendered":"<p>Na \u00faltima quinta-feira (11) a Guarda Civil Municipal de F\u00e1tima-BA anunciou que foi aprovado o Porte de Arma de fogo Institucional por meio de coopera\u00e7\u00e3o t\u00e9cnica com a Pol\u00edcia Federal, em conformidade com a legisla\u00e7\u00e3o vigente.<\/p>\n","protected":false},"author":2,"featured_media":31752,"comment_status":"open","ping_status":"open","sticky":false,"template":"","format":"standard","meta":{"om_disable_all_campaigns":false,"_monsterinsights_skip_tracking":false,"_monsterinsights_sitenote_active":false,"_monsterinsights_sitenote_note":"","_monsterinsights_sitenote_category":0,"footnotes":""},"categories":[70,10,69,32,22],"tags":[107,313,173,4250],"class_list":["post-32952","post","type-post","status-publish","format-standard","has-post-thumbnail","hentry","category-destaques","category-fatima","category-noticias2","category-regiao","category-seguranca","tag-fatima","tag-gcm","tag-policia-federal","tag-porte-de-arma-de-fogo"],"aioseo_notices":[],"_links":{"self":[{"href":"https:\/\/www.portalalerta.com.br\/index.php\/wp-json\/wp\/v2\/posts\/32952","targetHints":{"allow":["GET"]}}],"collection":[{"href":"https:\/\/www.portalalerta.com.br\/index.php\/wp-json\/wp\/v2\/posts"}],"about":[{"href":"https:\/\/www.portalalerta.com.br\/index.php\/wp-json\/wp\/v2\/types\/post"}],"author":[{"embeddable":true,"href":"https:\/\/www.portalalerta.com.br\/index.php\/wp-json\/wp\/v2\/users\/2"}],"replies":[{"embeddable":true,"href":"https:\/\/www.portalalerta.com.br\/index.php\/wp-json\/wp\/v2\/comments?post=32952"}],"version-history":[{"count":2,"href":"https:\/\/www.portalalerta.com.br\/index.php\/wp-json\/wp\/v2\/posts\/32952\/revisions"}],"predecessor-version":[{"id":32959,"href":"https:\/\/www.portalalerta.com.br\/index.php\/wp-json\/wp\/v2\/posts\/32952\/revisions\/32959"}],"wp:featuredmedia":[{"embeddable":true,"href":"https:\/\/www.portalalerta.com.br\/index.php\/wp-json\/wp\/v2\/media\/31752"}],"wp:attachment":[{"href":"https:\/\/www.portalalerta.com.br\/index.php\/wp-json\/wp\/v2\/media?parent=32952"}],"wp:term":[{"taxonomy":"category","embeddable":true,"href":"https:\/\/www.portalalerta.com.br\/index.php\/wp-json\/wp\/v2\/categories?post=32952"},{"taxonomy":"post_tag","embeddable":true,"href":"https:\/\/www.portalalerta.com.br\/index.php\/wp-json\/wp\/v2\/tags?post=32952"}],"curies":[{"name":"wp","href":"https:\/\/api.w.org\/{rel}","templated":true}]}}